{"id":845,"date":"2009-12-30T00:34:22","date_gmt":"2009-12-29T22:34:22","guid":{"rendered":"http:\/\/www.audiobuch.org\/caulius\/wp\/?p=845"},"modified":"2009-12-30T00:34:22","modified_gmt":"2009-12-29T22:34:22","slug":"kielpod-ausgabe-622-jahresruckblick-teil-3","status":"publish","type":"post","link":"http:\/\/www.kielpod.de\/wp\/?p=845","title":{"rendered":"KielPod Ausgabe 622: Jahresr\u00fcckblick Teil 3"},"content":{"rendered":"<p>Der 3. Teil vom Kieler Jahresr\u00fcckblick vom KielPod und <a href=\"http:\/\/www.foerdefluesterer.de\/\" target=\"_blank\">F\u00f6rderfl\u00fcsterer<\/a>. Heute ist der Fr\u00fchsommer dran mit Karstadt, Google Streetview, Firmenlauf, Band am Kanal und der Kieler Woche.<\/p>\n<div class=\"powerpress_player\" id=\"powerpress_player_4644\"><!--[if lt IE 9]><script>document.createElement('audio');<\/script><![endif]-->\n<audio class=\"wp-audio-shortcode\" id=\"audio-845-1\" preload=\"none\" style=\"width: 100%;\" controls=\"controls\"><source type=\"audio\/mpeg\" src=\"http:\/\/www.audiobuch.org\/caulius\/assets\/podcasts\/kielpod622.mp3?_=1\" \/><a href=\"http:\/\/www.audiobuch.org\/caulius\/assets\/podcasts\/kielpod622.mp3\">http:\/\/www.audiobuch.org\/caulius\/assets\/podcasts\/kielpod622.mp3<\/a><\/audio><\/div><p class=\"powerpress_links powerpress_links_mp3\" style=\"margin-bottom: 1px !important;\">Podcast: <a href=\"http:\/\/www.audiobuch.org\/caulius\/assets\/podcasts\/kielpod622.mp3\" class=\"powerpress_link_pinw\" target=\"_blank\" title=\"Play in new window\" onclick=\"return powerpress_pinw('http:\/\/www.kielpod.de\/wp\/?powerpress_pinw=845-podcast');\" rel=\"nofollow\">Play in new window<\/a> | <a href=\"http:\/\/www.audiobuch.org\/caulius\/assets\/podcasts\/kielpod622.mp3\" class=\"powerpress_link_d\" title=\"Download\" rel=\"nofollow\" download=\"kielpod622.mp3\">Download<\/a><\/p>","protected":false},"excerpt":{"rendered":"<p>Der 3. Teil vom Kieler Jahresr\u00fcckblick vom KielPod und F\u00f6rderfl\u00fcsterer. Heute ist der Fr\u00fchsommer dran mit Karstadt, Google Streetview, Firmenlauf, Band am Kanal und der Kieler Woche.<\/p>\n","protected":false},"author":1,"featured_media":0,"comment_status":"open","ping_status":"open","sticky":false,"template":"","format":"standard","meta":{"footnotes":""},"categories":[3],"tags":[],"_links":{"self":[{"href":"http:\/\/www.kielpod.de\/wp\/index.php?rest_route=\/wp\/v2\/posts\/845"}],"collection":[{"href":"http:\/\/www.kielpod.de\/wp\/index.php?rest_route=\/wp\/v2\/posts"}],"about":[{"href":"http:\/\/www.kielpod.de\/wp\/index.php?rest_route=\/wp\/v2\/types\/post"}],"author":[{"embeddable":true,"href":"http:\/\/www.kielpod.de\/wp\/index.php?rest_route=\/wp\/v2\/users\/1"}],"replies":[{"embeddable":true,"href":"http:\/\/www.kielpod.de\/wp\/index.php?rest_route=%2Fwp%2Fv2%2Fcomments&post=845"}],"version-history":[{"count":1,"href":"http:\/\/www.kielpod.de\/wp\/index.php?rest_route=\/wp\/v2\/posts\/845\/revisions"}],"predecessor-version":[{"id":847,"href":"http:\/\/www.kielpod.de\/wp\/index.php?rest_route=\/wp\/v2\/posts\/845\/revisions\/847"}],"wp:attachment":[{"href":"http:\/\/www.kielpod.de\/wp\/index.php?rest_route=%2Fwp%2Fv2%2Fmedia&parent=845"}],"wp:term":[{"taxonomy":"category","embeddable":true,"href":"http:\/\/www.kielpod.de\/wp\/index.php?rest_route=%2Fwp%2Fv2%2Fcategories&post=845"},{"taxonomy":"post_tag","embeddable":true,"href":"http:\/\/www.kielpod.de\/wp\/index.php?rest_route=%2Fwp%2Fv2%2Ftags&post=845"}],"curies":[{"name":"wp","href":"https:\/\/api.w.org\/{rel}","templated":true}]}}