{"id":837,"date":"2009-12-26T16:17:53","date_gmt":"2009-12-26T14:17:53","guid":{"rendered":"http:\/\/www.audiobuch.org\/caulius\/wp\/?p=837"},"modified":"2009-12-26T16:17:53","modified_gmt":"2009-12-26T14:17:53","slug":"kielpod-ausgabe-620-jahresruckblick-teil-1","status":"publish","type":"post","link":"http:\/\/www.kielpod.de\/wp\/?p=837","title":{"rendered":"KielPod Ausgabe 620: Jahresr\u00fcckblick Teil 1"},"content":{"rendered":"<p>Nun startet er wieder, der Jahresr\u00fcckblick von KielPod und <a href=\"http:\/\/www.foerdefluesterer.de\" target=\"_blank\">F\u00f6rdefl\u00fcsterer<\/a>. Heute im 1. Teil: Sterne \u00fcber Kiel, Marktschreier, Umschlag und B\u00fcrgermeisterwahl.<\/p>\n<div class=\"powerpress_player\" id=\"powerpress_player_1137\"><!--[if lt IE 9]><script>document.createElement('audio');<\/script><![endif]-->\n<audio class=\"wp-audio-shortcode\" id=\"audio-837-1\" preload=\"none\" style=\"width: 100%;\" controls=\"controls\"><source type=\"audio\/mpeg\" src=\"http:\/\/www.audiobuch.org\/caulius\/assets\/podcasts\/kielpod620.mp3?_=1\" \/><a href=\"http:\/\/www.audiobuch.org\/caulius\/assets\/podcasts\/kielpod620.mp3\">http:\/\/www.audiobuch.org\/caulius\/assets\/podcasts\/kielpod620.mp3<\/a><\/audio><\/div><p class=\"powerpress_links powerpress_links_mp3\" style=\"margin-bottom: 1px !important;\">Podcast: <a href=\"http:\/\/www.audiobuch.org\/caulius\/assets\/podcasts\/kielpod620.mp3\" class=\"powerpress_link_pinw\" target=\"_blank\" title=\"Play in new window\" onclick=\"return powerpress_pinw('http:\/\/www.kielpod.de\/wp\/?powerpress_pinw=837-podcast');\" rel=\"nofollow\">Play in new window<\/a> | <a href=\"http:\/\/www.audiobuch.org\/caulius\/assets\/podcasts\/kielpod620.mp3\" class=\"powerpress_link_d\" title=\"Download\" rel=\"nofollow\" download=\"kielpod620.mp3\">Download<\/a><\/p>","protected":false},"excerpt":{"rendered":"<p>Nun startet er wieder, der Jahresr\u00fcckblick von KielPod und F\u00f6rdefl\u00fcsterer. Heute im 1. Teil: Sterne \u00fcber Kiel, Marktschreier, Umschlag und B\u00fcrgermeisterwahl.<\/p>\n","protected":false},"author":1,"featured_media":0,"comment_status":"open","ping_status":"open","sticky":false,"template":"","format":"standard","meta":{"footnotes":""},"categories":[3],"tags":[],"_links":{"self":[{"href":"http:\/\/www.kielpod.de\/wp\/index.php?rest_route=\/wp\/v2\/posts\/837"}],"collection":[{"href":"http:\/\/www.kielpod.de\/wp\/index.php?rest_route=\/wp\/v2\/posts"}],"about":[{"href":"http:\/\/www.kielpod.de\/wp\/index.php?rest_route=\/wp\/v2\/types\/post"}],"author":[{"embeddable":true,"href":"http:\/\/www.kielpod.de\/wp\/index.php?rest_route=\/wp\/v2\/users\/1"}],"replies":[{"embeddable":true,"href":"http:\/\/www.kielpod.de\/wp\/index.php?rest_route=%2Fwp%2Fv2%2Fcomments&post=837"}],"version-history":[{"count":2,"href":"http:\/\/www.kielpod.de\/wp\/index.php?rest_route=\/wp\/v2\/posts\/837\/revisions"}],"predecessor-version":[{"id":840,"href":"http:\/\/www.kielpod.de\/wp\/index.php?rest_route=\/wp\/v2\/posts\/837\/revisions\/840"}],"wp:attachment":[{"href":"http:\/\/www.kielpod.de\/wp\/index.php?rest_route=%2Fwp%2Fv2%2Fmedia&parent=837"}],"wp:term":[{"taxonomy":"category","embeddable":true,"href":"http:\/\/www.kielpod.de\/wp\/index.php?rest_route=%2Fwp%2Fv2%2Fcategories&post=837"},{"taxonomy":"post_tag","embeddable":true,"href":"http:\/\/www.kielpod.de\/wp\/index.php?rest_route=%2Fwp%2Fv2%2Ftags&post=837"}],"curies":[{"name":"wp","href":"https:\/\/api.w.org\/{rel}","templated":true}]}}