{"id":780,"date":"2009-12-03T00:01:11","date_gmt":"2009-12-02T22:01:11","guid":{"rendered":"http:\/\/www.audiobuch.org\/caulius\/wp\/?p=780"},"modified":"2009-12-03T00:01:11","modified_gmt":"2009-12-02T22:01:11","slug":"kielpod-ausgabe-604-feuer-in-kiel-und-schliesung-karstadt-alter-markt","status":"publish","type":"post","link":"http:\/\/www.kielpod.de\/wp\/?p=780","title":{"rendered":"KielPod Ausgabe 604: Feuer in Kiel und Schlie\u00dfung Karstadt Alter Markt"},"content":{"rendered":"<p>Heute im KielPod: Laut offiziellen Meldungen war es wohl eher Elmschenhagen und nicht Gaarden, wo an diesem Mittwoch das Gro\u00dffeuer ausgebrochen war. Au\u00dferdem wird Karstadt am Alten Markt im Fr\u00fchjahr geschlossen. Da h\u00e4ngen Erinnerungen dran&#8230;<\/p>\n<div class=\"powerpress_player\" id=\"powerpress_player_2484\"><!--[if lt IE 9]><script>document.createElement('audio');<\/script><![endif]-->\n<audio class=\"wp-audio-shortcode\" id=\"audio-780-1\" preload=\"none\" style=\"width: 100%;\" controls=\"controls\"><source type=\"audio\/mpeg\" src=\"http:\/\/www.audiobuch.org\/caulius\/assets\/podcasts\/kielpod604.mp3?_=1\" \/><a href=\"http:\/\/www.audiobuch.org\/caulius\/assets\/podcasts\/kielpod604.mp3\">http:\/\/www.audiobuch.org\/caulius\/assets\/podcasts\/kielpod604.mp3<\/a><\/audio><\/div><p class=\"powerpress_links powerpress_links_mp3\" style=\"margin-bottom: 1px !important;\">Podcast: <a href=\"http:\/\/www.audiobuch.org\/caulius\/assets\/podcasts\/kielpod604.mp3\" class=\"powerpress_link_pinw\" target=\"_blank\" title=\"Play in new window\" onclick=\"return powerpress_pinw('http:\/\/www.kielpod.de\/wp\/?powerpress_pinw=780-podcast');\" rel=\"nofollow\">Play in new window<\/a> | <a href=\"http:\/\/www.audiobuch.org\/caulius\/assets\/podcasts\/kielpod604.mp3\" class=\"powerpress_link_d\" title=\"Download\" rel=\"nofollow\" download=\"kielpod604.mp3\">Download<\/a><\/p>","protected":false},"excerpt":{"rendered":"<p>Heute im KielPod: Laut offiziellen Meldungen war es wohl eher Elmschenhagen und nicht Gaarden, wo an diesem Mittwoch das Gro\u00dffeuer ausgebrochen war. Au\u00dferdem wird Karstadt am Alten Markt im Fr\u00fchjahr geschlossen. Da h\u00e4ngen Erinnerungen dran&#8230;<\/p>\n","protected":false},"author":1,"featured_media":0,"comment_status":"open","ping_status":"open","sticky":false,"template":"","format":"standard","meta":{"footnotes":""},"categories":[3],"tags":[],"_links":{"self":[{"href":"http:\/\/www.kielpod.de\/wp\/index.php?rest_route=\/wp\/v2\/posts\/780"}],"collection":[{"href":"http:\/\/www.kielpod.de\/wp\/index.php?rest_route=\/wp\/v2\/posts"}],"about":[{"href":"http:\/\/www.kielpod.de\/wp\/index.php?rest_route=\/wp\/v2\/types\/post"}],"author":[{"embeddable":true,"href":"http:\/\/www.kielpod.de\/wp\/index.php?rest_route=\/wp\/v2\/users\/1"}],"replies":[{"embeddable":true,"href":"http:\/\/www.kielpod.de\/wp\/index.php?rest_route=%2Fwp%2Fv2%2Fcomments&post=780"}],"version-history":[{"count":1,"href":"http:\/\/www.kielpod.de\/wp\/index.php?rest_route=\/wp\/v2\/posts\/780\/revisions"}],"predecessor-version":[{"id":782,"href":"http:\/\/www.kielpod.de\/wp\/index.php?rest_route=\/wp\/v2\/posts\/780\/revisions\/782"}],"wp:attachment":[{"href":"http:\/\/www.kielpod.de\/wp\/index.php?rest_route=%2Fwp%2Fv2%2Fmedia&parent=780"}],"wp:term":[{"taxonomy":"category","embeddable":true,"href":"http:\/\/www.kielpod.de\/wp\/index.php?rest_route=%2Fwp%2Fv2%2Fcategories&post=780"},{"taxonomy":"post_tag","embeddable":true,"href":"http:\/\/www.kielpod.de\/wp\/index.php?rest_route=%2Fwp%2Fv2%2Ftags&post=780"}],"curies":[{"name":"wp","href":"https:\/\/api.w.org\/{rel}","templated":true}]}}