{"id":762,"date":"2009-11-27T19:02:25","date_gmt":"2009-11-27T17:02:25","guid":{"rendered":"http:\/\/www.audiobuch.org\/caulius\/wp\/?p=762"},"modified":"2009-11-27T19:05:19","modified_gmt":"2009-11-27T17:05:19","slug":"kielpod-ausgabe-600-in-der-besetzten-alten-mensa-in-kiel","status":"publish","type":"post","link":"http:\/\/www.kielpod.de\/wp\/?p=762","title":{"rendered":"KielPod Ausgabe 600: In der besetzten Alten Mensa in Kiel"},"content":{"rendered":"<div id=\"attachment_764\" style=\"width: 280px\" class=\"wp-caption alignleft\"><img loading=\"lazy\" decoding=\"async\" aria-describedby=\"caption-attachment-764\" class=\"size-full wp-image-764\" title=\"muthesiuskhbenjamin_nurgenc3\" src=\"http:\/\/www.audiobuch.org\/caulius\/wp\/..\/assets\/podcasts\/muthesiuskhbenjamin_nurgenc3.jpg\" alt=\"Foto: Benjamin Nurgenc\" width=\"270\" height=\"126\" srcset=\"http:\/\/www.kielpod.de\/wp\/..\/assets\/podcasts\/muthesiuskhbenjamin_nurgenc3.jpg 641w, http:\/\/www.kielpod.de\/wp\/..\/assets\/podcasts\/muthesiuskhbenjamin_nurgenc3-300x140.jpg 300w\" sizes=\"(max-width: 270px) 100vw, 270px\" \/><p id=\"caption-attachment-764\" class=\"wp-caption-text\">Foto: Benjamin Nurgenc<\/p><\/div>\n<p>Ich war in der besetzten Alten Mensa der Universit\u00e4t Kiel und habe mit einigen Studenten zu ihren Zielen, wie die Besetzung abl\u00e4uft und die Dauer der Aktion gesprochen.<\/p>\n<p>Mehr Infos live aus dem besetzten Geb\u00e4ude gibt es hier: <a href=\"http:\/\/kielbrennt.blogspot.com\/\" target=\"_blank\">http:\/\/kielbrennt.blogspot.com\/<\/a><\/p>\n<p>Und Twitter-Meldungen hierzu gibt es hier: <a href=\"http:\/\/twitter.com\/kielbrennt\" target=\"_blank\">http:\/\/twitter.com\/kielbrennt<\/a><\/p>\n<p><em>(Au\u00dferdem ist es die 600. Folge vom KielPod und mein Roman<a href=\"http:\/\/www.gottes-sohn.com\" target=\"_blank\"> Gottes-Sohn.com<\/a> ist weiterhin im Handel erh\u00e4ltlich&#8230;:-))<\/em><\/p>\n<div class=\"powerpress_player\" id=\"powerpress_player_6461\"><!--[if lt IE 9]><script>document.createElement('audio');<\/script><![endif]-->\n<audio class=\"wp-audio-shortcode\" id=\"audio-762-1\" preload=\"none\" style=\"width: 100%;\" controls=\"controls\"><source type=\"audio\/mpeg\" src=\"http:\/\/www.audiobuch.org\/caulius\/assets\/podcasts\/kielpod600.mp3?_=1\" \/><a href=\"http:\/\/www.audiobuch.org\/caulius\/assets\/podcasts\/kielpod600.mp3\">http:\/\/www.audiobuch.org\/caulius\/assets\/podcasts\/kielpod600.mp3<\/a><\/audio><\/div><p class=\"powerpress_links powerpress_links_mp3\" style=\"margin-bottom: 1px !important;\">Podcast: <a href=\"http:\/\/www.audiobuch.org\/caulius\/assets\/podcasts\/kielpod600.mp3\" class=\"powerpress_link_pinw\" target=\"_blank\" title=\"Play in new window\" onclick=\"return powerpress_pinw('http:\/\/www.kielpod.de\/wp\/?powerpress_pinw=762-podcast');\" rel=\"nofollow\">Play in new window<\/a> | <a href=\"http:\/\/www.audiobuch.org\/caulius\/assets\/podcasts\/kielpod600.mp3\" class=\"powerpress_link_d\" title=\"Download\" rel=\"nofollow\" download=\"kielpod600.mp3\">Download<\/a><\/p>","protected":false},"excerpt":{"rendered":"<p>Ich war in der besetzten Alten Mensa der Universit\u00e4t Kiel und habe mit einigen Studenten zu ihren Zielen, wie die Besetzung abl\u00e4uft und die Dauer der Aktion gesprochen. Mehr Infos live aus dem besetzten Geb\u00e4ude gibt es hier: http:\/\/kielbrennt.blogspot.com\/ Und Twitter-Meldungen hierzu gibt es hier: http:\/\/twitter.com\/kielbrennt (Au\u00dferdem ist es die 600. Folge vom KielPod und [&hellip;]<\/p>\n","protected":false},"author":1,"featured_media":0,"comment_status":"open","ping_status":"open","sticky":false,"template":"","format":"standard","meta":{"footnotes":""},"categories":[3],"tags":[],"_links":{"self":[{"href":"http:\/\/www.kielpod.de\/wp\/index.php?rest_route=\/wp\/v2\/posts\/762"}],"collection":[{"href":"http:\/\/www.kielpod.de\/wp\/index.php?rest_route=\/wp\/v2\/posts"}],"about":[{"href":"http:\/\/www.kielpod.de\/wp\/index.php?rest_route=\/wp\/v2\/types\/post"}],"author":[{"embeddable":true,"href":"http:\/\/www.kielpod.de\/wp\/index.php?rest_route=\/wp\/v2\/users\/1"}],"replies":[{"embeddable":true,"href":"http:\/\/www.kielpod.de\/wp\/index.php?rest_route=%2Fwp%2Fv2%2Fcomments&post=762"}],"version-history":[{"count":3,"href":"http:\/\/www.kielpod.de\/wp\/index.php?rest_route=\/wp\/v2\/posts\/762\/revisions"}],"predecessor-version":[{"id":766,"href":"http:\/\/www.kielpod.de\/wp\/index.php?rest_route=\/wp\/v2\/posts\/762\/revisions\/766"}],"wp:attachment":[{"href":"http:\/\/www.kielpod.de\/wp\/index.php?rest_route=%2Fwp%2Fv2%2Fmedia&parent=762"}],"wp:term":[{"taxonomy":"category","embeddable":true,"href":"http:\/\/www.kielpod.de\/wp\/index.php?rest_route=%2Fwp%2Fv2%2Fcategories&post=762"},{"taxonomy":"post_tag","embeddable":true,"href":"http:\/\/www.kielpod.de\/wp\/index.php?rest_route=%2Fwp%2Fv2%2Ftags&post=762"}],"curies":[{"name":"wp","href":"https:\/\/api.w.org\/{rel}","templated":true}]}}