{"id":493,"date":"2009-08-25T23:15:45","date_gmt":"2009-08-25T21:15:45","guid":{"rendered":"http:\/\/www.audiobuch.org\/caulius\/wp\/?p=493"},"modified":"2009-08-25T23:21:53","modified_gmt":"2009-08-25T21:21:53","slug":"kielpod-ausgabe-533","status":"publish","type":"post","link":"http:\/\/www.kielpod.de\/wp\/?p=493","title":{"rendered":"KielPod Ausgabe 533"},"content":{"rendered":"<div id=\"attachment_497\" style=\"width: 210px\" class=\"wp-caption alignleft\"><img loading=\"lazy\" decoding=\"async\" aria-describedby=\"caption-attachment-497\" class=\"size-full wp-image-497\" title=\"p1020107\" src=\"http:\/\/www.audiobuch.org\/caulius\/wp\/..\/assets\/podcasts\/p1020107.jpg\" alt=\"Anna Yina in der Holstenstra\u00dfe\" width=\"200\" height=\"181\" \/><p id=\"caption-attachment-497\" class=\"wp-caption-text\">Anna Yina in der Holstenstra\u00dfe<\/p><\/div>\n<p>Pop-Musikerin <a href=\"http:\/\/anna-yina.de\/\" target=\"_blank\">Anna Yina<\/a> macht bei ihrer Deutschland-Tour f\u00fcr 30 Minuten Halt in Kiel &#8211; in der Holstenstra\u00dfe mit rotem Klavier (Fl\u00fcgel) und Interview f\u00fcr den KielPod.<\/p>\n<div class=\"powerpress_player\" id=\"powerpress_player_4902\"><!--[if lt IE 9]><script>document.createElement('audio');<\/script><![endif]-->\n<audio class=\"wp-audio-shortcode\" id=\"audio-493-1\" preload=\"none\" style=\"width: 100%;\" controls=\"controls\"><source type=\"audio\/mpeg\" src=\"http:\/\/www.audiobuch.org\/caulius\/assets\/podcasts\/kielpod533.mp3?_=1\" \/><a href=\"http:\/\/www.audiobuch.org\/caulius\/assets\/podcasts\/kielpod533.mp3\">http:\/\/www.audiobuch.org\/caulius\/assets\/podcasts\/kielpod533.mp3<\/a><\/audio><\/div><p class=\"powerpress_links powerpress_links_mp3\" style=\"margin-bottom: 1px !important;\">Podcast: <a href=\"http:\/\/www.audiobuch.org\/caulius\/assets\/podcasts\/kielpod533.mp3\" class=\"powerpress_link_pinw\" target=\"_blank\" title=\"Play in new window\" onclick=\"return powerpress_pinw('http:\/\/www.kielpod.de\/wp\/?powerpress_pinw=493-podcast');\" rel=\"nofollow\">Play in new window<\/a> | <a href=\"http:\/\/www.audiobuch.org\/caulius\/assets\/podcasts\/kielpod533.mp3\" class=\"powerpress_link_d\" title=\"Download\" rel=\"nofollow\" download=\"kielpod533.mp3\">Download<\/a><\/p>","protected":false},"excerpt":{"rendered":"<p>Pop-Musikerin Anna Yina macht bei ihrer Deutschland-Tour f\u00fcr 30 Minuten Halt in Kiel &#8211; in der Holstenstra\u00dfe mit rotem Klavier (Fl\u00fcgel) und Interview f\u00fcr den KielPod.<\/p>\n","protected":false},"author":1,"featured_media":0,"comment_status":"open","ping_status":"open","sticky":false,"template":"","format":"standard","meta":{"footnotes":""},"categories":[3],"tags":[],"_links":{"self":[{"href":"http:\/\/www.kielpod.de\/wp\/index.php?rest_route=\/wp\/v2\/posts\/493"}],"collection":[{"href":"http:\/\/www.kielpod.de\/wp\/index.php?rest_route=\/wp\/v2\/posts"}],"about":[{"href":"http:\/\/www.kielpod.de\/wp\/index.php?rest_route=\/wp\/v2\/types\/post"}],"author":[{"embeddable":true,"href":"http:\/\/www.kielpod.de\/wp\/index.php?rest_route=\/wp\/v2\/users\/1"}],"replies":[{"embeddable":true,"href":"http:\/\/www.kielpod.de\/wp\/index.php?rest_route=%2Fwp%2Fv2%2Fcomments&post=493"}],"version-history":[{"count":3,"href":"http:\/\/www.kielpod.de\/wp\/index.php?rest_route=\/wp\/v2\/posts\/493\/revisions"}],"predecessor-version":[{"id":496,"href":"http:\/\/www.kielpod.de\/wp\/index.php?rest_route=\/wp\/v2\/posts\/493\/revisions\/496"}],"wp:attachment":[{"href":"http:\/\/www.kielpod.de\/wp\/index.php?rest_route=%2Fwp%2Fv2%2Fmedia&parent=493"}],"wp:term":[{"taxonomy":"category","embeddable":true,"href":"http:\/\/www.kielpod.de\/wp\/index.php?rest_route=%2Fwp%2Fv2%2Fcategories&post=493"},{"taxonomy":"post_tag","embeddable":true,"href":"http:\/\/www.kielpod.de\/wp\/index.php?rest_route=%2Fwp%2Fv2%2Ftags&post=493"}],"curies":[{"name":"wp","href":"https:\/\/api.w.org\/{rel}","templated":true}]}}