{"id":4550,"date":"2015-01-04T20:45:34","date_gmt":"2015-01-04T18:45:34","guid":{"rendered":"http:\/\/www.kielpod.de\/wp\/?p=4550"},"modified":"2015-01-04T20:45:34","modified_gmt":"2015-01-04T18:45:34","slug":"kielpod-ausgabe-1566-unfalle-bahn-und-cau","status":"publish","type":"post","link":"http:\/\/www.kielpod.de\/wp\/?p=4550","title":{"rendered":"KielPod Ausgabe 1566: Unf\u00e4lle, Bahn und CAU"},"content":{"rendered":"<p>Am Sonntag gab es einige schwere Unf\u00e4lle im Bereich Kiel. Au\u00dferdem: neue Haltestellen auf der Strecke Kiel-Rendsburg er\u00f6ffnet und die CAU startet in ihr Festprogramm.<\/p>\n<p>Der KielPod wird \u00fcbrigens auch in der <a href=\"http:\/\/kielerleben.de\/feature\/die-neue-kielerleben-ist-da\" target=\"_blank\">Januar-Ausgabe von KielerLeben<\/a> erw\u00e4hnt&#8230;<\/p>\n<div class=\"powerpress_player\" id=\"powerpress_player_3070\"><!--[if lt IE 9]><script>document.createElement('audio');<\/script><![endif]-->\n<audio class=\"wp-audio-shortcode\" id=\"audio-4550-1\" preload=\"none\" style=\"width: 100%;\" controls=\"controls\"><source type=\"audio\/mpeg\" src=\"http:\/\/www.kielpod.de\/assets\/podcasts\/kielpod1566.mp3?_=1\" \/><a href=\"http:\/\/www.kielpod.de\/assets\/podcasts\/kielpod1566.mp3\">http:\/\/www.kielpod.de\/assets\/podcasts\/kielpod1566.mp3<\/a><\/audio><\/div><p class=\"powerpress_links powerpress_links_mp3\" style=\"margin-bottom: 1px !important;\">Podcast: <a href=\"http:\/\/www.kielpod.de\/assets\/podcasts\/kielpod1566.mp3\" class=\"powerpress_link_pinw\" target=\"_blank\" title=\"Play in new window\" onclick=\"return powerpress_pinw('http:\/\/www.kielpod.de\/wp\/?powerpress_pinw=4550-podcast');\" rel=\"nofollow\">Play in new window<\/a> | <a href=\"http:\/\/www.kielpod.de\/assets\/podcasts\/kielpod1566.mp3\" class=\"powerpress_link_d\" title=\"Download\" rel=\"nofollow\" download=\"kielpod1566.mp3\">Download<\/a><\/p>","protected":false},"excerpt":{"rendered":"<p>Am Sonntag gab es einige schwere Unf\u00e4lle im Bereich Kiel. Au\u00dferdem: neue Haltestellen auf der Strecke Kiel-Rendsburg er\u00f6ffnet und die CAU startet in ihr Festprogramm. Der KielPod wird \u00fcbrigens auch in der Januar-Ausgabe von KielerLeben erw\u00e4hnt&#8230;<\/p>\n","protected":false},"author":1,"featured_media":0,"comment_status":"open","ping_status":"open","sticky":false,"template":"","format":"standard","meta":{"footnotes":""},"categories":[3],"tags":[],"_links":{"self":[{"href":"http:\/\/www.kielpod.de\/wp\/index.php?rest_route=\/wp\/v2\/posts\/4550"}],"collection":[{"href":"http:\/\/www.kielpod.de\/wp\/index.php?rest_route=\/wp\/v2\/posts"}],"about":[{"href":"http:\/\/www.kielpod.de\/wp\/index.php?rest_route=\/wp\/v2\/types\/post"}],"author":[{"embeddable":true,"href":"http:\/\/www.kielpod.de\/wp\/index.php?rest_route=\/wp\/v2\/users\/1"}],"replies":[{"embeddable":true,"href":"http:\/\/www.kielpod.de\/wp\/index.php?rest_route=%2Fwp%2Fv2%2Fcomments&post=4550"}],"version-history":[{"count":2,"href":"http:\/\/www.kielpod.de\/wp\/index.php?rest_route=\/wp\/v2\/posts\/4550\/revisions"}],"predecessor-version":[{"id":4553,"href":"http:\/\/www.kielpod.de\/wp\/index.php?rest_route=\/wp\/v2\/posts\/4550\/revisions\/4553"}],"wp:attachment":[{"href":"http:\/\/www.kielpod.de\/wp\/index.php?rest_route=%2Fwp%2Fv2%2Fmedia&parent=4550"}],"wp:term":[{"taxonomy":"category","embeddable":true,"href":"http:\/\/www.kielpod.de\/wp\/index.php?rest_route=%2Fwp%2Fv2%2Fcategories&post=4550"},{"taxonomy":"post_tag","embeddable":true,"href":"http:\/\/www.kielpod.de\/wp\/index.php?rest_route=%2Fwp%2Fv2%2Ftags&post=4550"}],"curies":[{"name":"wp","href":"https:\/\/api.w.org\/{rel}","templated":true}]}}