{"id":4545,"date":"2014-12-30T19:47:40","date_gmt":"2014-12-30T17:47:40","guid":{"rendered":"http:\/\/www.kielpod.de\/wp\/?p=4545"},"modified":"2014-12-30T19:47:40","modified_gmt":"2014-12-30T17:47:40","slug":"kielpod-1564-jahresruckblick-2014-teil-5","status":"publish","type":"post","link":"http:\/\/www.kielpod.de\/wp\/?p=4545","title":{"rendered":"KielPod 1564: Jahresr\u00fcckblick 2014 Teil 5"},"content":{"rendered":"<p>Ist es der l\u00e4ngste Kieler Jahresr\u00fcckblick des Jahres? Hier nun der 5. Teil mit dem August und September 2014 und zwei Teile kommen wohl noch &#8230;<\/p>\n<div class=\"powerpress_player\" id=\"powerpress_player_2613\"><!--[if lt IE 9]><script>document.createElement('audio');<\/script><![endif]-->\n<audio class=\"wp-audio-shortcode\" id=\"audio-4545-1\" preload=\"none\" style=\"width: 100%;\" controls=\"controls\"><source type=\"audio\/mpeg\" src=\"http:\/\/www.kielpod.de\/assets\/podcasts\/kielpod1564.mp3?_=1\" \/><a href=\"http:\/\/www.kielpod.de\/assets\/podcasts\/kielpod1564.mp3\">http:\/\/www.kielpod.de\/assets\/podcasts\/kielpod1564.mp3<\/a><\/audio><\/div><p class=\"powerpress_links powerpress_links_mp3\" style=\"margin-bottom: 1px !important;\">Podcast: <a href=\"http:\/\/www.kielpod.de\/assets\/podcasts\/kielpod1564.mp3\" class=\"powerpress_link_pinw\" target=\"_blank\" title=\"Play in new window\" onclick=\"return powerpress_pinw('http:\/\/www.kielpod.de\/wp\/?powerpress_pinw=4545-podcast');\" rel=\"nofollow\">Play in new window<\/a> | <a href=\"http:\/\/www.kielpod.de\/assets\/podcasts\/kielpod1564.mp3\" class=\"powerpress_link_d\" title=\"Download\" rel=\"nofollow\" download=\"kielpod1564.mp3\">Download<\/a><\/p>","protected":false},"excerpt":{"rendered":"<p>Ist es der l\u00e4ngste Kieler Jahresr\u00fcckblick des Jahres? Hier nun der 5. Teil mit dem August und September 2014 und zwei Teile kommen wohl noch &#8230;<\/p>\n","protected":false},"author":1,"featured_media":0,"comment_status":"open","ping_status":"open","sticky":false,"template":"","format":"standard","meta":{"footnotes":""},"categories":[3],"tags":[],"_links":{"self":[{"href":"http:\/\/www.kielpod.de\/wp\/index.php?rest_route=\/wp\/v2\/posts\/4545"}],"collection":[{"href":"http:\/\/www.kielpod.de\/wp\/index.php?rest_route=\/wp\/v2\/posts"}],"about":[{"href":"http:\/\/www.kielpod.de\/wp\/index.php?rest_route=\/wp\/v2\/types\/post"}],"author":[{"embeddable":true,"href":"http:\/\/www.kielpod.de\/wp\/index.php?rest_route=\/wp\/v2\/users\/1"}],"replies":[{"embeddable":true,"href":"http:\/\/www.kielpod.de\/wp\/index.php?rest_route=%2Fwp%2Fv2%2Fcomments&post=4545"}],"version-history":[{"count":1,"href":"http:\/\/www.kielpod.de\/wp\/index.php?rest_route=\/wp\/v2\/posts\/4545\/revisions"}],"predecessor-version":[{"id":4546,"href":"http:\/\/www.kielpod.de\/wp\/index.php?rest_route=\/wp\/v2\/posts\/4545\/revisions\/4546"}],"wp:attachment":[{"href":"http:\/\/www.kielpod.de\/wp\/index.php?rest_route=%2Fwp%2Fv2%2Fmedia&parent=4545"}],"wp:term":[{"taxonomy":"category","embeddable":true,"href":"http:\/\/www.kielpod.de\/wp\/index.php?rest_route=%2Fwp%2Fv2%2Fcategories&post=4545"},{"taxonomy":"post_tag","embeddable":true,"href":"http:\/\/www.kielpod.de\/wp\/index.php?rest_route=%2Fwp%2Fv2%2Ftags&post=4545"}],"curies":[{"name":"wp","href":"https:\/\/api.w.org\/{rel}","templated":true}]}}