{"id":4409,"date":"2014-09-30T23:55:38","date_gmt":"2014-09-30T21:55:38","guid":{"rendered":"http:\/\/www.kielpod.de\/wp\/?p=4409"},"modified":"2014-09-30T23:55:38","modified_gmt":"2014-09-30T21:55:38","slug":"kielpod-1528-sandkiste-reventloubrucke-und-schusse","status":"publish","type":"post","link":"http:\/\/www.kielpod.de\/wp\/?p=4409","title":{"rendered":"KielPod 1528: Sandkiste, Reventloubr\u00fccke und Sch\u00fcsse"},"content":{"rendered":"<div id=\"attachment_4412\" style=\"width: 360px\" class=\"wp-caption alignnone\"><img loading=\"lazy\" decoding=\"async\" aria-describedby=\"caption-attachment-4412\" class=\"size-full wp-image-4412\" title=\"p9262298\" src=\"http:\/\/www.kielpod.de\/wp\/..\/assets\/podcasts\/p9262298.jpg\" alt=\"p9262298\" width=\"350\" height=\"187\" srcset=\"http:\/\/www.kielpod.de\/wp\/..\/assets\/podcasts\/p9262298.jpg 350w, http:\/\/www.kielpod.de\/wp\/..\/assets\/podcasts\/p9262298-300x160.jpg 300w\" sizes=\"(max-width: 350px) 100vw, 350px\" \/><p id=\"caption-attachment-4412\" class=\"wp-caption-text\">Abgerissene Reventloubr\u00fccke<\/p><\/div>\n<p>Die Sandkiste auf dem Holstenplatz weicht dem Bauernmarkt. Die Reventloubr\u00fccke ist fast vollst\u00e4ndig abgerissen. Und in der Wrangelstra\u00dfe wurde geschossen.<\/p>\n<p>Hierzu gibt es auch zwei Videos im Rahmen der Serie &#8222;<a href=\"https:\/\/www.youtube.com\/playlist?list=PL4vBWDZG2vheYnHKX04ZkJx0lNr3htKHt\" target=\"_blank\">90 Sekunden Kiel<\/a>&#8222;:<\/p>\n<p><a href=\"http:\/\/youtu.be\/juIX1qLuUXw\" target=\"_blank\">90 Sekunden Kiel: Abriss und Neubau der Reventloubr\u00fccke in Kiel<\/a><\/p>\n<p><a href=\"http:\/\/youtu.be\/Iqjzru-IEI8\" target=\"_blank\">90 Sekunden Kiel: Sandkiste weicht Bauernmarkt<\/a><\/p>\n<div class=\"powerpress_player\" id=\"powerpress_player_3124\"><!--[if lt IE 9]><script>document.createElement('audio');<\/script><![endif]-->\n<audio class=\"wp-audio-shortcode\" id=\"audio-4409-1\" preload=\"none\" style=\"width: 100%;\" controls=\"controls\"><source type=\"audio\/mpeg\" src=\"http:\/\/www.audiobuch.org\/caulius\/assets\/podcasts\/kielpod1528.mp3?_=1\" \/><a href=\"http:\/\/www.audiobuch.org\/caulius\/assets\/podcasts\/kielpod1528.mp3\">http:\/\/www.audiobuch.org\/caulius\/assets\/podcasts\/kielpod1528.mp3<\/a><\/audio><\/div><p class=\"powerpress_links powerpress_links_mp3\" style=\"margin-bottom: 1px !important;\">Podcast: <a href=\"http:\/\/www.audiobuch.org\/caulius\/assets\/podcasts\/kielpod1528.mp3\" class=\"powerpress_link_pinw\" target=\"_blank\" title=\"Play in new window\" onclick=\"return powerpress_pinw('http:\/\/www.kielpod.de\/wp\/?powerpress_pinw=4409-podcast');\" rel=\"nofollow\">Play in new window<\/a> | <a href=\"http:\/\/www.audiobuch.org\/caulius\/assets\/podcasts\/kielpod1528.mp3\" class=\"powerpress_link_d\" title=\"Download\" rel=\"nofollow\" download=\"kielpod1528.mp3\">Download<\/a><\/p>","protected":false},"excerpt":{"rendered":"<p>Die Sandkiste auf dem Holstenplatz weicht dem Bauernmarkt. Die Reventloubr\u00fccke ist fast vollst\u00e4ndig abgerissen. Und in der Wrangelstra\u00dfe wurde geschossen. Hierzu gibt es auch zwei Videos im Rahmen der Serie &#8222;90 Sekunden Kiel&#8222;: 90 Sekunden Kiel: Abriss und Neubau der Reventloubr\u00fccke in Kiel 90 Sekunden Kiel: Sandkiste weicht Bauernmarkt<\/p>\n","protected":false},"author":1,"featured_media":0,"comment_status":"open","ping_status":"open","sticky":false,"template":"","format":"standard","meta":{"footnotes":""},"categories":[3],"tags":[],"_links":{"self":[{"href":"http:\/\/www.kielpod.de\/wp\/index.php?rest_route=\/wp\/v2\/posts\/4409"}],"collection":[{"href":"http:\/\/www.kielpod.de\/wp\/index.php?rest_route=\/wp\/v2\/posts"}],"about":[{"href":"http:\/\/www.kielpod.de\/wp\/index.php?rest_route=\/wp\/v2\/types\/post"}],"author":[{"embeddable":true,"href":"http:\/\/www.kielpod.de\/wp\/index.php?rest_route=\/wp\/v2\/users\/1"}],"replies":[{"embeddable":true,"href":"http:\/\/www.kielpod.de\/wp\/index.php?rest_route=%2Fwp%2Fv2%2Fcomments&post=4409"}],"version-history":[{"count":1,"href":"http:\/\/www.kielpod.de\/wp\/index.php?rest_route=\/wp\/v2\/posts\/4409\/revisions"}],"predecessor-version":[{"id":4413,"href":"http:\/\/www.kielpod.de\/wp\/index.php?rest_route=\/wp\/v2\/posts\/4409\/revisions\/4413"}],"wp:attachment":[{"href":"http:\/\/www.kielpod.de\/wp\/index.php?rest_route=%2Fwp%2Fv2%2Fmedia&parent=4409"}],"wp:term":[{"taxonomy":"category","embeddable":true,"href":"http:\/\/www.kielpod.de\/wp\/index.php?rest_route=%2Fwp%2Fv2%2Fcategories&post=4409"},{"taxonomy":"post_tag","embeddable":true,"href":"http:\/\/www.kielpod.de\/wp\/index.php?rest_route=%2Fwp%2Fv2%2Ftags&post=4409"}],"curies":[{"name":"wp","href":"https:\/\/api.w.org\/{rel}","templated":true}]}}