{"id":4355,"date":"2014-08-19T00:07:15","date_gmt":"2014-08-18T22:07:15","guid":{"rendered":"http:\/\/www.kielpod.de\/wp\/?p=4355"},"modified":"2014-08-19T00:07:59","modified_gmt":"2014-08-18T22:07:59","slug":"kielpod-ausgabe-1513-romeo-julia-das-musical","status":"publish","type":"post","link":"http:\/\/www.kielpod.de\/wp\/?p=4355","title":{"rendered":"KielPod Ausgabe 1513: Romeo &#038; Julia &#8211; Das Musical"},"content":{"rendered":"<div id=\"attachment_4356\" style=\"width: 260px\" class=\"wp-caption alignnone\"><img loading=\"lazy\" decoding=\"async\" aria-describedby=\"caption-attachment-4356\" class=\"size-full wp-image-4356\" title=\"romeo_julia_plakat2\" src=\"http:\/\/www.kielpod.de\/wp\/..\/assets\/podcasts\/romeo_julia_plakat2.jpg\" alt=\"romeo_julia_plakat2\" width=\"250\" height=\"350\" srcset=\"http:\/\/www.kielpod.de\/wp\/..\/assets\/podcasts\/romeo_julia_plakat2.jpg 250w, http:\/\/www.kielpod.de\/wp\/..\/assets\/podcasts\/romeo_julia_plakat2-214x300.jpg 214w\" sizes=\"(max-width: 250px) 100vw, 250px\" \/><p id=\"caption-attachment-4356\" class=\"wp-caption-text\">Plakat Romeo und Julia (Quelle: Theater-Kiel.de)<\/p><\/div>\n<p>Ich war am Sonntag Abend bei der Auff\u00fchrung von Romeo &amp; Julia &#8211; Das Musical am Ostufer. Hier meine Eindr\u00fccke.<\/p>\n<p>Diese Folge gibt es auch <a href=\"http:\/\/youtu.be\/OSR1nHW0N20\" target=\"_blank\">als Video bei YouTube<\/a>.<\/p>\n<p>Und au\u00dferdem hier ein <a href=\"http:\/\/youtu.be\/AQ_s0QmQy48\">Video von der Premiere auf dem Bl\u00fccherplatz<\/a>.<\/p>\n<div class=\"powerpress_player\" id=\"powerpress_player_9825\"><!--[if lt IE 9]><script>document.createElement('audio');<\/script><![endif]-->\n<audio class=\"wp-audio-shortcode\" id=\"audio-4355-1\" preload=\"none\" style=\"width: 100%;\" controls=\"controls\"><source type=\"audio\/mpeg\" src=\"http:\/\/www.audiobuch.org\/caulius\/assets\/podcasts\/kielpod1513.mp3?_=1\" \/><a href=\"http:\/\/www.audiobuch.org\/caulius\/assets\/podcasts\/kielpod1513.mp3\">http:\/\/www.audiobuch.org\/caulius\/assets\/podcasts\/kielpod1513.mp3<\/a><\/audio><\/div><p class=\"powerpress_links powerpress_links_mp3\" style=\"margin-bottom: 1px !important;\">Podcast: <a href=\"http:\/\/www.audiobuch.org\/caulius\/assets\/podcasts\/kielpod1513.mp3\" class=\"powerpress_link_pinw\" target=\"_blank\" title=\"Play in new window\" onclick=\"return powerpress_pinw('http:\/\/www.kielpod.de\/wp\/?powerpress_pinw=4355-podcast');\" rel=\"nofollow\">Play in new window<\/a> | <a href=\"http:\/\/www.audiobuch.org\/caulius\/assets\/podcasts\/kielpod1513.mp3\" class=\"powerpress_link_d\" title=\"Download\" rel=\"nofollow\" download=\"kielpod1513.mp3\">Download<\/a><\/p>","protected":false},"excerpt":{"rendered":"<p>Ich war am Sonntag Abend bei der Auff\u00fchrung von Romeo &amp; Julia &#8211; Das Musical am Ostufer. Hier meine Eindr\u00fccke. Diese Folge gibt es auch als Video bei YouTube. Und au\u00dferdem hier ein Video von der Premiere auf dem Bl\u00fccherplatz.<\/p>\n","protected":false},"author":1,"featured_media":0,"comment_status":"open","ping_status":"open","sticky":false,"template":"","format":"standard","meta":{"footnotes":""},"categories":[3,4],"tags":[],"_links":{"self":[{"href":"http:\/\/www.kielpod.de\/wp\/index.php?rest_route=\/wp\/v2\/posts\/4355"}],"collection":[{"href":"http:\/\/www.kielpod.de\/wp\/index.php?rest_route=\/wp\/v2\/posts"}],"about":[{"href":"http:\/\/www.kielpod.de\/wp\/index.php?rest_route=\/wp\/v2\/types\/post"}],"author":[{"embeddable":true,"href":"http:\/\/www.kielpod.de\/wp\/index.php?rest_route=\/wp\/v2\/users\/1"}],"replies":[{"embeddable":true,"href":"http:\/\/www.kielpod.de\/wp\/index.php?rest_route=%2Fwp%2Fv2%2Fcomments&post=4355"}],"version-history":[{"count":2,"href":"http:\/\/www.kielpod.de\/wp\/index.php?rest_route=\/wp\/v2\/posts\/4355\/revisions"}],"predecessor-version":[{"id":4358,"href":"http:\/\/www.kielpod.de\/wp\/index.php?rest_route=\/wp\/v2\/posts\/4355\/revisions\/4358"}],"wp:attachment":[{"href":"http:\/\/www.kielpod.de\/wp\/index.php?rest_route=%2Fwp%2Fv2%2Fmedia&parent=4355"}],"wp:term":[{"taxonomy":"category","embeddable":true,"href":"http:\/\/www.kielpod.de\/wp\/index.php?rest_route=%2Fwp%2Fv2%2Fcategories&post=4355"},{"taxonomy":"post_tag","embeddable":true,"href":"http:\/\/www.kielpod.de\/wp\/index.php?rest_route=%2Fwp%2Fv2%2Ftags&post=4355"}],"curies":[{"name":"wp","href":"https:\/\/api.w.org\/{rel}","templated":true}]}}