{"id":3938,"date":"2013-11-30T01:06:55","date_gmt":"2013-11-29T23:06:55","guid":{"rendered":"http:\/\/www.audiobuch.org\/caulius\/wp\/?p=3938"},"modified":"2013-11-30T01:08:39","modified_gmt":"2013-11-29T23:08:39","slug":"kielpod-ausgabe-1415-the-rocky-horror-show-im-schauspielhaus","status":"publish","type":"post","link":"http:\/\/www.kielpod.de\/wp\/?p=3938","title":{"rendered":"KielPod Ausgabe 1415: The Rocky Horror Show im Schauspielhaus"},"content":{"rendered":"<div id=\"attachment_3941\" style=\"width: 310px\" class=\"wp-caption alignnone\"><img loading=\"lazy\" decoding=\"async\" aria-describedby=\"caption-attachment-3941\" class=\"size-full wp-image-3941\" title=\"rocky\" src=\"http:\/\/www.audiobuch.org\/caulius\/wp\/..\/assets\/podcasts\/rocky.jpg\" alt=\"rocky\" width=\"300\" height=\"167\" \/><p id=\"caption-attachment-3941\" class=\"wp-caption-text\">Maxim Kazis als Janet und Imanuel Humm als Frank &#39;N&#39; Furter (Foto: Olaf Struck)<\/p><\/div>\n<p>Im Schauspielhaus hatte das Musical &#8222;The Rocky Horror Show&#8220; Premiere. Ein gro\u00dfer Spa\u00df zum Mitmachen. Hier meine Eindr\u00fccke.<\/p>\n<div class=\"powerpress_player\" id=\"powerpress_player_5575\"><!--[if lt IE 9]><script>document.createElement('audio');<\/script><![endif]-->\n<audio class=\"wp-audio-shortcode\" id=\"audio-3938-1\" preload=\"none\" style=\"width: 100%;\" controls=\"controls\"><source type=\"audio\/mpeg\" src=\"http:\/\/www.audiobuch.org\/caulius\/assets\/podcasts\/kielpod1415.mp3?_=1\" \/><a href=\"http:\/\/www.audiobuch.org\/caulius\/assets\/podcasts\/kielpod1415.mp3\">http:\/\/www.audiobuch.org\/caulius\/assets\/podcasts\/kielpod1415.mp3<\/a><\/audio><\/div><p class=\"powerpress_links powerpress_links_mp3\" style=\"margin-bottom: 1px !important;\">Podcast: <a href=\"http:\/\/www.audiobuch.org\/caulius\/assets\/podcasts\/kielpod1415.mp3\" class=\"powerpress_link_pinw\" target=\"_blank\" title=\"Play in new window\" onclick=\"return powerpress_pinw('http:\/\/www.kielpod.de\/wp\/?powerpress_pinw=3938-podcast');\" rel=\"nofollow\">Play in new window<\/a> | <a href=\"http:\/\/www.audiobuch.org\/caulius\/assets\/podcasts\/kielpod1415.mp3\" class=\"powerpress_link_d\" title=\"Download\" rel=\"nofollow\" download=\"kielpod1415.mp3\">Download<\/a><\/p>","protected":false},"excerpt":{"rendered":"<p>Im Schauspielhaus hatte das Musical &#8222;The Rocky Horror Show&#8220; Premiere. Ein gro\u00dfer Spa\u00df zum Mitmachen. Hier meine Eindr\u00fccke.<\/p>\n","protected":false},"author":1,"featured_media":0,"comment_status":"open","ping_status":"open","sticky":false,"template":"","format":"standard","meta":{"footnotes":""},"categories":[4],"tags":[],"_links":{"self":[{"href":"http:\/\/www.kielpod.de\/wp\/index.php?rest_route=\/wp\/v2\/posts\/3938"}],"collection":[{"href":"http:\/\/www.kielpod.de\/wp\/index.php?rest_route=\/wp\/v2\/posts"}],"about":[{"href":"http:\/\/www.kielpod.de\/wp\/index.php?rest_route=\/wp\/v2\/types\/post"}],"author":[{"embeddable":true,"href":"http:\/\/www.kielpod.de\/wp\/index.php?rest_route=\/wp\/v2\/users\/1"}],"replies":[{"embeddable":true,"href":"http:\/\/www.kielpod.de\/wp\/index.php?rest_route=%2Fwp%2Fv2%2Fcomments&post=3938"}],"version-history":[{"count":3,"href":"http:\/\/www.kielpod.de\/wp\/index.php?rest_route=\/wp\/v2\/posts\/3938\/revisions"}],"predecessor-version":[{"id":3943,"href":"http:\/\/www.kielpod.de\/wp\/index.php?rest_route=\/wp\/v2\/posts\/3938\/revisions\/3943"}],"wp:attachment":[{"href":"http:\/\/www.kielpod.de\/wp\/index.php?rest_route=%2Fwp%2Fv2%2Fmedia&parent=3938"}],"wp:term":[{"taxonomy":"category","embeddable":true,"href":"http:\/\/www.kielpod.de\/wp\/index.php?rest_route=%2Fwp%2Fv2%2Fcategories&post=3938"},{"taxonomy":"post_tag","embeddable":true,"href":"http:\/\/www.kielpod.de\/wp\/index.php?rest_route=%2Fwp%2Fv2%2Ftags&post=3938"}],"curies":[{"name":"wp","href":"https:\/\/api.w.org\/{rel}","templated":true}]}}