{"id":3923,"date":"2013-11-15T01:44:06","date_gmt":"2013-11-14T23:44:06","guid":{"rendered":"http:\/\/www.audiobuch.org\/caulius\/wp\/?p=3923"},"modified":"2013-11-15T01:44:06","modified_gmt":"2013-11-14T23:44:06","slug":"kielpod-ausgabe-1411-night-of-the-profs-und-eisfestival-startet","status":"publish","type":"post","link":"http:\/\/www.kielpod.de\/wp\/?p=3923","title":{"rendered":"KielPod Ausgabe 1411: Night of the Profs und Eisfestival startet"},"content":{"rendered":"<p>An diesem Freitag findet zum 8. Mal die <a href=\"http:\/\/www.uni-kiel.de\/night\/\" target=\"_blank\">Night of the Profs<\/a> in der Uni mit Vorlesungen weit \u00fcber 1 Uhr nachts hinaus f\u00fcr Jedermann (und kostenlos). Au\u00dferdem: Die <a href=\"http:\/\/www.kiel-sailing-city.de\/veranstaltungen\/innenstadt-events\/stadtwerke-eisfestival.html\" target=\"_blank\">Eisfl\u00e4che er\u00f6ffnet<\/a> am Freitag wieder vor dem Rathaus.<\/p>\n<div class=\"powerpress_player\" id=\"powerpress_player_4246\"><!--[if lt IE 9]><script>document.createElement('audio');<\/script><![endif]-->\n<audio class=\"wp-audio-shortcode\" id=\"audio-3923-1\" preload=\"none\" style=\"width: 100%;\" controls=\"controls\"><source type=\"audio\/mpeg\" src=\"http:\/\/www.audiobuch.org\/caulius\/assets\/podcasts\/kielpod1411.mp3?_=1\" \/><a href=\"http:\/\/www.audiobuch.org\/caulius\/assets\/podcasts\/kielpod1411.mp3\">http:\/\/www.audiobuch.org\/caulius\/assets\/podcasts\/kielpod1411.mp3<\/a><\/audio><\/div><p class=\"powerpress_links powerpress_links_mp3\" style=\"margin-bottom: 1px !important;\">Podcast: <a href=\"http:\/\/www.audiobuch.org\/caulius\/assets\/podcasts\/kielpod1411.mp3\" class=\"powerpress_link_pinw\" target=\"_blank\" title=\"Play in new window\" onclick=\"return powerpress_pinw('http:\/\/www.kielpod.de\/wp\/?powerpress_pinw=3923-podcast');\" rel=\"nofollow\">Play in new window<\/a> | <a href=\"http:\/\/www.audiobuch.org\/caulius\/assets\/podcasts\/kielpod1411.mp3\" class=\"powerpress_link_d\" title=\"Download\" rel=\"nofollow\" download=\"kielpod1411.mp3\">Download<\/a><\/p>","protected":false},"excerpt":{"rendered":"<p>An diesem Freitag findet zum 8. Mal die Night of the Profs in der Uni mit Vorlesungen weit \u00fcber 1 Uhr nachts hinaus f\u00fcr Jedermann (und kostenlos). Au\u00dferdem: Die Eisfl\u00e4che er\u00f6ffnet am Freitag wieder vor dem Rathaus.<\/p>\n","protected":false},"author":1,"featured_media":0,"comment_status":"open","ping_status":"open","sticky":false,"template":"","format":"standard","meta":{"footnotes":""},"categories":[3],"tags":[],"_links":{"self":[{"href":"http:\/\/www.kielpod.de\/wp\/index.php?rest_route=\/wp\/v2\/posts\/3923"}],"collection":[{"href":"http:\/\/www.kielpod.de\/wp\/index.php?rest_route=\/wp\/v2\/posts"}],"about":[{"href":"http:\/\/www.kielpod.de\/wp\/index.php?rest_route=\/wp\/v2\/types\/post"}],"author":[{"embeddable":true,"href":"http:\/\/www.kielpod.de\/wp\/index.php?rest_route=\/wp\/v2\/users\/1"}],"replies":[{"embeddable":true,"href":"http:\/\/www.kielpod.de\/wp\/index.php?rest_route=%2Fwp%2Fv2%2Fcomments&post=3923"}],"version-history":[{"count":2,"href":"http:\/\/www.kielpod.de\/wp\/index.php?rest_route=\/wp\/v2\/posts\/3923\/revisions"}],"predecessor-version":[{"id":3926,"href":"http:\/\/www.kielpod.de\/wp\/index.php?rest_route=\/wp\/v2\/posts\/3923\/revisions\/3926"}],"wp:attachment":[{"href":"http:\/\/www.kielpod.de\/wp\/index.php?rest_route=%2Fwp%2Fv2%2Fmedia&parent=3923"}],"wp:term":[{"taxonomy":"category","embeddable":true,"href":"http:\/\/www.kielpod.de\/wp\/index.php?rest_route=%2Fwp%2Fv2%2Fcategories&post=3923"},{"taxonomy":"post_tag","embeddable":true,"href":"http:\/\/www.kielpod.de\/wp\/index.php?rest_route=%2Fwp%2Fv2%2Ftags&post=3923"}],"curies":[{"name":"wp","href":"https:\/\/api.w.org\/{rel}","templated":true}]}}