{"id":3900,"date":"2013-10-24T22:28:24","date_gmt":"2013-10-24T20:28:24","guid":{"rendered":"http:\/\/www.audiobuch.org\/caulius\/wp\/?p=3900"},"modified":"2013-10-24T22:28:24","modified_gmt":"2013-10-24T20:28:24","slug":"kielpod-ausgabe-1405-neue-ice-verbindungen-und-gute-luft-durch-asphalt","status":"publish","type":"post","link":"http:\/\/www.kielpod.de\/wp\/?p=3900","title":{"rendered":"KielPod Ausgabe 1405: Neue ICE-Verbindungen und gute Luft durch Asphalt"},"content":{"rendered":"<p>Zwei neue ICE-Halte wird es ab 15.12.2013 in der Woche geben. Au\u00dferdem: Der Verkehrsversuch rund um die Bahnhofstra\u00dfe wird zur Dauereinrichtung. Damit einher gehen Asphaltierungsarbeiten, die ggf. auch f\u00fcr gute Luft sorgen werden&#8230;<\/p>\n<div class=\"powerpress_player\" id=\"powerpress_player_5415\"><!--[if lt IE 9]><script>document.createElement('audio');<\/script><![endif]-->\n<audio class=\"wp-audio-shortcode\" id=\"audio-3900-1\" preload=\"none\" style=\"width: 100%;\" controls=\"controls\"><source type=\"audio\/mpeg\" src=\"http:\/\/www.audiobuch.org\/caulius\/assets\/podcasts\/kielpod1405.mp3?_=1\" \/><a href=\"http:\/\/www.audiobuch.org\/caulius\/assets\/podcasts\/kielpod1405.mp3\">http:\/\/www.audiobuch.org\/caulius\/assets\/podcasts\/kielpod1405.mp3<\/a><\/audio><\/div><p class=\"powerpress_links powerpress_links_mp3\" style=\"margin-bottom: 1px !important;\">Podcast: <a href=\"http:\/\/www.audiobuch.org\/caulius\/assets\/podcasts\/kielpod1405.mp3\" class=\"powerpress_link_pinw\" target=\"_blank\" title=\"Play in new window\" onclick=\"return powerpress_pinw('http:\/\/www.kielpod.de\/wp\/?powerpress_pinw=3900-podcast');\" rel=\"nofollow\">Play in new window<\/a> | <a href=\"http:\/\/www.audiobuch.org\/caulius\/assets\/podcasts\/kielpod1405.mp3\" class=\"powerpress_link_d\" title=\"Download\" rel=\"nofollow\" download=\"kielpod1405.mp3\">Download<\/a><\/p>","protected":false},"excerpt":{"rendered":"<p>Zwei neue ICE-Halte wird es ab 15.12.2013 in der Woche geben. Au\u00dferdem: Der Verkehrsversuch rund um die Bahnhofstra\u00dfe wird zur Dauereinrichtung. Damit einher gehen Asphaltierungsarbeiten, die ggf. auch f\u00fcr gute Luft sorgen werden&#8230;<\/p>\n","protected":false},"author":1,"featured_media":0,"comment_status":"open","ping_status":"open","sticky":false,"template":"","format":"standard","meta":{"footnotes":""},"categories":[3],"tags":[],"_links":{"self":[{"href":"http:\/\/www.kielpod.de\/wp\/index.php?rest_route=\/wp\/v2\/posts\/3900"}],"collection":[{"href":"http:\/\/www.kielpod.de\/wp\/index.php?rest_route=\/wp\/v2\/posts"}],"about":[{"href":"http:\/\/www.kielpod.de\/wp\/index.php?rest_route=\/wp\/v2\/types\/post"}],"author":[{"embeddable":true,"href":"http:\/\/www.kielpod.de\/wp\/index.php?rest_route=\/wp\/v2\/users\/1"}],"replies":[{"embeddable":true,"href":"http:\/\/www.kielpod.de\/wp\/index.php?rest_route=%2Fwp%2Fv2%2Fcomments&post=3900"}],"version-history":[{"count":2,"href":"http:\/\/www.kielpod.de\/wp\/index.php?rest_route=\/wp\/v2\/posts\/3900\/revisions"}],"predecessor-version":[{"id":3903,"href":"http:\/\/www.kielpod.de\/wp\/index.php?rest_route=\/wp\/v2\/posts\/3900\/revisions\/3903"}],"wp:attachment":[{"href":"http:\/\/www.kielpod.de\/wp\/index.php?rest_route=%2Fwp%2Fv2%2Fmedia&parent=3900"}],"wp:term":[{"taxonomy":"category","embeddable":true,"href":"http:\/\/www.kielpod.de\/wp\/index.php?rest_route=%2Fwp%2Fv2%2Fcategories&post=3900"},{"taxonomy":"post_tag","embeddable":true,"href":"http:\/\/www.kielpod.de\/wp\/index.php?rest_route=%2Fwp%2Fv2%2Ftags&post=3900"}],"curies":[{"name":"wp","href":"https:\/\/api.w.org\/{rel}","templated":true}]}}