{"id":3691,"date":"2013-06-29T01:25:38","date_gmt":"2013-06-28T23:25:38","guid":{"rendered":"http:\/\/www.audiobuch.org\/caulius\/wp\/?p=3691"},"modified":"2013-06-29T01:25:38","modified_gmt":"2013-06-28T23:25:38","slug":"kielpod-ausgabe-1356-hoftheater-und-segelschiff-gotheborg","status":"publish","type":"post","link":"http:\/\/www.kielpod.de\/wp\/?p=3691","title":{"rendered":"KielPod Ausgabe 1356: Hoftheater und Segelschiff G\u00f6theborg"},"content":{"rendered":"<div id=\"attachment_3693\" style=\"width: 310px\" class=\"wp-caption alignnone\"><img loading=\"lazy\" decoding=\"async\" aria-describedby=\"caption-attachment-3693\" class=\"size-full wp-image-3693\" title=\"img_9726-2\" src=\"http:\/\/www.audiobuch.org\/caulius\/wp\/..\/assets\/podcasts\/img_9726-2.jpg\" alt=\"img_9726-2\" width=\"300\" height=\"200\" \/><p id=\"caption-attachment-3693\" class=\"wp-caption-text\">Die G\u00f6theborg zu Gast in Kiel<\/p><\/div>\n<p>Das Hoftheater ist eine echte &#8222;Oase der Ruhe&#8220; auf der Kieler Woche. Au\u00dferdem: das Segelschiff G\u00f6theborg liegt am Sartorikai und kann besichtigt werden. Immerhin ist es der &#8222;gr\u00f6\u00dfte historische h\u00f6lzerne Gro\u00dfsegler der Welt&#8220; und ein echter Hingucker. Aber ganz so alt ist es dann doch nicht &#8230;<\/p>\n<p>Die Vorschau auf diesen zweiten Kieler-Woche-Samstag 2013 erfolgt wieder<a href=\"http:\/\/www.youtube.com\/watch?v=NCOgxSMbTGM\" target=\"_blank\"> in Videoform bei YouTube mit Fabienne und Caulius<\/a>.<\/p>\n<p>Hier hier ein paar neue Fotos von der Kieler Woche <a href=\"http:\/\/www.flickr.com\/photos\/23507253@N03\/sets\/72157634262749369\/\" target=\"_blank\">bei Flickr<\/a>.<\/p>\n<div class=\"powerpress_player\" id=\"powerpress_player_5140\"><!--[if lt IE 9]><script>document.createElement('audio');<\/script><![endif]-->\n<audio class=\"wp-audio-shortcode\" id=\"audio-3691-1\" preload=\"none\" style=\"width: 100%;\" controls=\"controls\"><source type=\"audio\/mpeg\" src=\"http:\/\/www.audiobuch.org\/caulius\/assets\/podcasts\/kielpod1356.mp3?_=1\" \/><a href=\"http:\/\/www.audiobuch.org\/caulius\/assets\/podcasts\/kielpod1356.mp3\">http:\/\/www.audiobuch.org\/caulius\/assets\/podcasts\/kielpod1356.mp3<\/a><\/audio><\/div><p class=\"powerpress_links powerpress_links_mp3\" style=\"margin-bottom: 1px !important;\">Podcast: <a href=\"http:\/\/www.audiobuch.org\/caulius\/assets\/podcasts\/kielpod1356.mp3\" class=\"powerpress_link_pinw\" target=\"_blank\" title=\"Play in new window\" onclick=\"return powerpress_pinw('http:\/\/www.kielpod.de\/wp\/?powerpress_pinw=3691-podcast');\" rel=\"nofollow\">Play in new window<\/a> | <a href=\"http:\/\/www.audiobuch.org\/caulius\/assets\/podcasts\/kielpod1356.mp3\" class=\"powerpress_link_d\" title=\"Download\" rel=\"nofollow\" download=\"kielpod1356.mp3\">Download<\/a><\/p>","protected":false},"excerpt":{"rendered":"<p>Das Hoftheater ist eine echte &#8222;Oase der Ruhe&#8220; auf der Kieler Woche. Au\u00dferdem: das Segelschiff G\u00f6theborg liegt am Sartorikai und kann besichtigt werden. Immerhin ist es der &#8222;gr\u00f6\u00dfte historische h\u00f6lzerne Gro\u00dfsegler der Welt&#8220; und ein echter Hingucker. Aber ganz so alt ist es dann doch nicht &#8230; Die Vorschau auf diesen zweiten Kieler-Woche-Samstag 2013 erfolgt [&hellip;]<\/p>\n","protected":false},"author":1,"featured_media":0,"comment_status":"open","ping_status":"open","sticky":false,"template":"","format":"standard","meta":{"footnotes":""},"categories":[3],"tags":[],"_links":{"self":[{"href":"http:\/\/www.kielpod.de\/wp\/index.php?rest_route=\/wp\/v2\/posts\/3691"}],"collection":[{"href":"http:\/\/www.kielpod.de\/wp\/index.php?rest_route=\/wp\/v2\/posts"}],"about":[{"href":"http:\/\/www.kielpod.de\/wp\/index.php?rest_route=\/wp\/v2\/types\/post"}],"author":[{"embeddable":true,"href":"http:\/\/www.kielpod.de\/wp\/index.php?rest_route=\/wp\/v2\/users\/1"}],"replies":[{"embeddable":true,"href":"http:\/\/www.kielpod.de\/wp\/index.php?rest_route=%2Fwp%2Fv2%2Fcomments&post=3691"}],"version-history":[{"count":2,"href":"http:\/\/www.kielpod.de\/wp\/index.php?rest_route=\/wp\/v2\/posts\/3691\/revisions"}],"predecessor-version":[{"id":3695,"href":"http:\/\/www.kielpod.de\/wp\/index.php?rest_route=\/wp\/v2\/posts\/3691\/revisions\/3695"}],"wp:attachment":[{"href":"http:\/\/www.kielpod.de\/wp\/index.php?rest_route=%2Fwp%2Fv2%2Fmedia&parent=3691"}],"wp:term":[{"taxonomy":"category","embeddable":true,"href":"http:\/\/www.kielpod.de\/wp\/index.php?rest_route=%2Fwp%2Fv2%2Fcategories&post=3691"},{"taxonomy":"post_tag","embeddable":true,"href":"http:\/\/www.kielpod.de\/wp\/index.php?rest_route=%2Fwp%2Fv2%2Ftags&post=3691"}],"curies":[{"name":"wp","href":"https:\/\/api.w.org\/{rel}","templated":true}]}}