{"id":3686,"date":"2013-06-28T00:23:32","date_gmt":"2013-06-27T22:23:32","guid":{"rendered":"http:\/\/www.audiobuch.org\/caulius\/wp\/?p=3686"},"modified":"2013-06-28T00:23:32","modified_gmt":"2013-06-27T22:23:32","slug":"kielpod-ausgabe-1355-kieler-uni-live","status":"publish","type":"post","link":"http:\/\/www.kielpod.de\/wp\/?p=3686","title":{"rendered":"KielPod Ausgabe 1355: Kieler Uni Live"},"content":{"rendered":"<div id=\"attachment_3687\" style=\"width: 310px\" class=\"wp-caption alignnone\"><img loading=\"lazy\" decoding=\"async\" aria-describedby=\"caption-attachment-3687\" class=\"size-full wp-image-3687\" title=\"img_9496\" src=\"http:\/\/www.audiobuch.org\/caulius\/wp\/..\/assets\/podcasts\/img_9496.jpg\" alt=\"img_9496\" width=\"300\" height=\"200\" \/><p id=\"caption-attachment-3687\" class=\"wp-caption-text\">Kieler Uni Live<\/p><\/div>\n<p>An der Kiellinie S\u00fcd (kurz vor der NDR-B\u00fchne) gibt es eine gute Gelegenheit zwischen 12 und 18 Uhr ins Trockene einzukehren. Kieler Uni Live l\u00e4dt ein zu kurzweiligen Sprachkursen, Vorlesungen und Sport-Events inkl. Ausstellung. Die Veranstaltungsorganisatorin Maike Sch\u00fc\u00dfler erkl\u00e4rt mir im Interview die Hintergr\u00fcnde und die noch anstehenden Highlights am letzten Kieler Woche Wochenende.<\/p>\n<p>Die Vorschau auf diesen zweiten Kieler-Woche-Freitag 2013 erfolgt wieder<a href=\"http:\/\/www.youtube.com\/watch?v=FDMtJQqmigI\" target=\"_blank\"> in Videoform bei YouTube mit Fabienne und Caulius<\/a>.<\/p>\n<p>Hier hier ein paar neue Fotos von der Kieler Woche <a href=\"http:\/\/www.flickr.com\/photos\/23507253@N03\/sets\/72157634262749369\/\" target=\"_blank\">bei Flickr<\/a>.<\/p>\n<div class=\"powerpress_player\" id=\"powerpress_player_1583\"><!--[if lt IE 9]><script>document.createElement('audio');<\/script><![endif]-->\n<audio class=\"wp-audio-shortcode\" id=\"audio-3686-1\" preload=\"none\" style=\"width: 100%;\" controls=\"controls\"><source type=\"audio\/mpeg\" src=\"http:\/\/www.audiobuch.org\/caulius\/assets\/podcasts\/kielpod1355.mp3?_=1\" \/><a href=\"http:\/\/www.audiobuch.org\/caulius\/assets\/podcasts\/kielpod1355.mp3\">http:\/\/www.audiobuch.org\/caulius\/assets\/podcasts\/kielpod1355.mp3<\/a><\/audio><\/div><p class=\"powerpress_links powerpress_links_mp3\" style=\"margin-bottom: 1px !important;\">Podcast: <a href=\"http:\/\/www.audiobuch.org\/caulius\/assets\/podcasts\/kielpod1355.mp3\" class=\"powerpress_link_pinw\" target=\"_blank\" title=\"Play in new window\" onclick=\"return powerpress_pinw('http:\/\/www.kielpod.de\/wp\/?powerpress_pinw=3686-podcast');\" rel=\"nofollow\">Play in new window<\/a> | <a href=\"http:\/\/www.audiobuch.org\/caulius\/assets\/podcasts\/kielpod1355.mp3\" class=\"powerpress_link_d\" title=\"Download\" rel=\"nofollow\" download=\"kielpod1355.mp3\">Download<\/a><\/p>","protected":false},"excerpt":{"rendered":"<p>An der Kiellinie S\u00fcd (kurz vor der NDR-B\u00fchne) gibt es eine gute Gelegenheit zwischen 12 und 18 Uhr ins Trockene einzukehren. Kieler Uni Live l\u00e4dt ein zu kurzweiligen Sprachkursen, Vorlesungen und Sport-Events inkl. Ausstellung. Die Veranstaltungsorganisatorin Maike Sch\u00fc\u00dfler erkl\u00e4rt mir im Interview die Hintergr\u00fcnde und die noch anstehenden Highlights am letzten Kieler Woche Wochenende. Die [&hellip;]<\/p>\n","protected":false},"author":1,"featured_media":0,"comment_status":"open","ping_status":"open","sticky":false,"template":"","format":"standard","meta":{"footnotes":""},"categories":[3],"tags":[],"_links":{"self":[{"href":"http:\/\/www.kielpod.de\/wp\/index.php?rest_route=\/wp\/v2\/posts\/3686"}],"collection":[{"href":"http:\/\/www.kielpod.de\/wp\/index.php?rest_route=\/wp\/v2\/posts"}],"about":[{"href":"http:\/\/www.kielpod.de\/wp\/index.php?rest_route=\/wp\/v2\/types\/post"}],"author":[{"embeddable":true,"href":"http:\/\/www.kielpod.de\/wp\/index.php?rest_route=\/wp\/v2\/users\/1"}],"replies":[{"embeddable":true,"href":"http:\/\/www.kielpod.de\/wp\/index.php?rest_route=%2Fwp%2Fv2%2Fcomments&post=3686"}],"version-history":[{"count":2,"href":"http:\/\/www.kielpod.de\/wp\/index.php?rest_route=\/wp\/v2\/posts\/3686\/revisions"}],"predecessor-version":[{"id":3690,"href":"http:\/\/www.kielpod.de\/wp\/index.php?rest_route=\/wp\/v2\/posts\/3686\/revisions\/3690"}],"wp:attachment":[{"href":"http:\/\/www.kielpod.de\/wp\/index.php?rest_route=%2Fwp%2Fv2%2Fmedia&parent=3686"}],"wp:term":[{"taxonomy":"category","embeddable":true,"href":"http:\/\/www.kielpod.de\/wp\/index.php?rest_route=%2Fwp%2Fv2%2Fcategories&post=3686"},{"taxonomy":"post_tag","embeddable":true,"href":"http:\/\/www.kielpod.de\/wp\/index.php?rest_route=%2Fwp%2Fv2%2Ftags&post=3686"}],"curies":[{"name":"wp","href":"https:\/\/api.w.org\/{rel}","templated":true}]}}