{"id":3676,"date":"2013-06-26T00:30:14","date_gmt":"2013-06-25T22:30:14","guid":{"rendered":"http:\/\/www.audiobuch.org\/caulius\/wp\/?p=3676"},"modified":"2013-06-26T00:30:14","modified_gmt":"2013-06-25T22:30:14","slug":"kielpod-ausgabe-1353-junge-buhne-kiel","status":"publish","type":"post","link":"http:\/\/www.kielpod.de\/wp\/?p=3676","title":{"rendered":"KielPod Ausgabe 1353: Junge B\u00fchne Kiel"},"content":{"rendered":"<div id=\"attachment_3678\" style=\"width: 310px\" class=\"wp-caption alignnone\"><img loading=\"lazy\" decoding=\"async\" aria-describedby=\"caption-attachment-3678\" class=\"size-full wp-image-3678\" title=\"img_9327-2\" src=\"http:\/\/www.audiobuch.org\/caulius\/wp\/..\/assets\/podcasts\/img_9327-2.jpg\" alt=\"img_9327-2\" width=\"300\" height=\"156\" \/><p id=\"caption-attachment-3678\" class=\"wp-caption-text\">Junge B\u00fchne Kiel im Ratsdienergarten<\/p><\/div>\n<p>Am Kieler-Woche-Dienstag gab es wieder den Poetry-Kieler-Woche-Slam auf der Jungen B\u00fchne Kiel im Ratsdienergarten. In einer Pause konnte ich mit einem der Initiatoren der Jungen B\u00fchne \u00fcber dieses spannende Projekt sprechen, das inzwischen zum festen Programm der Kieler Woche geh\u00f6rt.<\/p>\n<p>Die Tagestipps zur Kieler Woche am Mittwoch, 26.06.2013 gibt es wieder<a href=\"http:\/\/www.youtube.com\/watch?v=KFlNGM5p9qw\" target=\"_blank\"> hier in Videoform<\/a>.<\/p>\n<p>Und hier gibt es aktuelle Fotos von der Kieler Woche 2013 <a href=\"http:\/\/www.flickr.com\/photos\/23507253@N03\/sets\/72157634262749369\/\" target=\"_blank\">bei Flickr<\/a>.<\/p>\n<div class=\"powerpress_player\" id=\"powerpress_player_9109\"><!--[if lt IE 9]><script>document.createElement('audio');<\/script><![endif]-->\n<audio class=\"wp-audio-shortcode\" id=\"audio-3676-1\" preload=\"none\" style=\"width: 100%;\" controls=\"controls\"><source type=\"audio\/mpeg\" src=\"http:\/\/www.audiobuch.org\/caulius\/assets\/podcasts\/kielpod1353.mp3?_=1\" \/><a href=\"http:\/\/www.audiobuch.org\/caulius\/assets\/podcasts\/kielpod1353.mp3\">http:\/\/www.audiobuch.org\/caulius\/assets\/podcasts\/kielpod1353.mp3<\/a><\/audio><\/div><p class=\"powerpress_links powerpress_links_mp3\" style=\"margin-bottom: 1px !important;\">Podcast: <a href=\"http:\/\/www.audiobuch.org\/caulius\/assets\/podcasts\/kielpod1353.mp3\" class=\"powerpress_link_pinw\" target=\"_blank\" title=\"Play in new window\" onclick=\"return powerpress_pinw('http:\/\/www.kielpod.de\/wp\/?powerpress_pinw=3676-podcast');\" rel=\"nofollow\">Play in new window<\/a> | <a href=\"http:\/\/www.audiobuch.org\/caulius\/assets\/podcasts\/kielpod1353.mp3\" class=\"powerpress_link_d\" title=\"Download\" rel=\"nofollow\" download=\"kielpod1353.mp3\">Download<\/a><\/p>","protected":false},"excerpt":{"rendered":"<p>Am Kieler-Woche-Dienstag gab es wieder den Poetry-Kieler-Woche-Slam auf der Jungen B\u00fchne Kiel im Ratsdienergarten. In einer Pause konnte ich mit einem der Initiatoren der Jungen B\u00fchne \u00fcber dieses spannende Projekt sprechen, das inzwischen zum festen Programm der Kieler Woche geh\u00f6rt. Die Tagestipps zur Kieler Woche am Mittwoch, 26.06.2013 gibt es wieder hier in Videoform. Und [&hellip;]<\/p>\n","protected":false},"author":1,"featured_media":0,"comment_status":"open","ping_status":"open","sticky":false,"template":"","format":"standard","meta":{"footnotes":""},"categories":[3],"tags":[],"_links":{"self":[{"href":"http:\/\/www.kielpod.de\/wp\/index.php?rest_route=\/wp\/v2\/posts\/3676"}],"collection":[{"href":"http:\/\/www.kielpod.de\/wp\/index.php?rest_route=\/wp\/v2\/posts"}],"about":[{"href":"http:\/\/www.kielpod.de\/wp\/index.php?rest_route=\/wp\/v2\/types\/post"}],"author":[{"embeddable":true,"href":"http:\/\/www.kielpod.de\/wp\/index.php?rest_route=\/wp\/v2\/users\/1"}],"replies":[{"embeddable":true,"href":"http:\/\/www.kielpod.de\/wp\/index.php?rest_route=%2Fwp%2Fv2%2Fcomments&post=3676"}],"version-history":[{"count":2,"href":"http:\/\/www.kielpod.de\/wp\/index.php?rest_route=\/wp\/v2\/posts\/3676\/revisions"}],"predecessor-version":[{"id":3680,"href":"http:\/\/www.kielpod.de\/wp\/index.php?rest_route=\/wp\/v2\/posts\/3676\/revisions\/3680"}],"wp:attachment":[{"href":"http:\/\/www.kielpod.de\/wp\/index.php?rest_route=%2Fwp%2Fv2%2Fmedia&parent=3676"}],"wp:term":[{"taxonomy":"category","embeddable":true,"href":"http:\/\/www.kielpod.de\/wp\/index.php?rest_route=%2Fwp%2Fv2%2Fcategories&post=3676"},{"taxonomy":"post_tag","embeddable":true,"href":"http:\/\/www.kielpod.de\/wp\/index.php?rest_route=%2Fwp%2Fv2%2Ftags&post=3676"}],"curies":[{"name":"wp","href":"https:\/\/api.w.org\/{rel}","templated":true}]}}