{"id":365,"date":"2009-07-16T21:00:08","date_gmt":"2009-07-16T19:00:08","guid":{"rendered":"http:\/\/www.audiobuch.org\/caulius\/wp\/?p=365"},"modified":"2009-07-16T23:01:34","modified_gmt":"2009-07-16T21:01:34","slug":"kielpod-ausgabe-504","status":"publish","type":"post","link":"http:\/\/www.kielpod.de\/wp\/?p=365","title":{"rendered":"KielPod Ausgabe 504"},"content":{"rendered":"<div id=\"attachment_374\" style=\"width: 293px\" class=\"wp-caption alignleft\"><img loading=\"lazy\" decoding=\"async\" aria-describedby=\"caption-attachment-374\" class=\"size-full wp-image-374\" title=\"img_2273\" src=\"http:\/\/www.audiobuch.org\/caulius\/wp\/..\/assets\/podcasts\/img_2273.jpg\" alt=\"Kissen-Flashmob in Kiel\" width=\"283\" height=\"160\" srcset=\"http:\/\/www.kielpod.de\/wp\/..\/assets\/podcasts\/img_2273.jpg 354w, http:\/\/www.kielpod.de\/wp\/..\/assets\/podcasts\/img_2273-300x169.jpg 300w\" sizes=\"(max-width: 283px) 100vw, 283px\" \/><p id=\"caption-attachment-374\" class=\"wp-caption-text\">Kissen-Flashmob in Kiel<\/p><\/div>\n<p>Heute wieder in einer Gemeinschaftsproduktion mit dem <a href=\"http:\/\/www.foerdefluesterer.de\" target=\"_blank\">Foerdefluesterer<\/a>:<\/p>\n<ul>\n<li>Flashmob in Kiel<\/li>\n<li>Regierungskrise<\/li>\n<li>Hoheitlicher Besuch<\/li>\n<li>Festivaltag in der <a href=\"http:\/\/www.daenische-strasse.de\/\" target=\"_blank\">D\u00e4nischen Stra\u00dfe<\/a><\/li>\n<li><a href=\"http:\/\/www.kaese-trifft-wein.de\/\" target=\"_blank\">K\u00e4se trifft Wein <\/a>am Kieler Bootshafen<\/li>\n<li><a href=\"http:\/\/foerdefluesterer.de\/Artikel\/News\/Drei-Tage-Live-Musik-an-der-Hornbrucke.1467.html\" target=\"_blank\">Br\u00fcckenfestival Kiel<\/a><\/li>\n<\/ul>\n<p>Die Fotos vom Flashmob gibt es <a href=\"http:\/\/www.audiobuch.org\/caulius\/kielfotos\/fotoszukielpodfolgen\/index.html\" target=\"_blank\">HIER<\/a>.<\/p>\n<p>Und die KielPod-Live Folge (Folge Nr. 3)\u00a0 zum Flashmob finden Sie hier: <a href=\"http:\/\/audioboo.fm\/profile\/Caulius\" target=\"_blank\">http:\/\/audioboo.fm\/profile\/Caulius<\/a><\/p>\n<div class=\"powerpress_player\" id=\"powerpress_player_7538\"><!--[if lt IE 9]><script>document.createElement('audio');<\/script><![endif]-->\n<audio class=\"wp-audio-shortcode\" id=\"audio-365-1\" preload=\"none\" style=\"width: 100%;\" controls=\"controls\"><source type=\"audio\/mpeg\" src=\"http:\/\/www.audiobuch.org\/caulius\/assets\/podcasts\/kielpod504.mp3?_=1\" \/><a href=\"http:\/\/www.audiobuch.org\/caulius\/assets\/podcasts\/kielpod504.mp3\">http:\/\/www.audiobuch.org\/caulius\/assets\/podcasts\/kielpod504.mp3<\/a><\/audio><\/div><p class=\"powerpress_links powerpress_links_mp3\" style=\"margin-bottom: 1px !important;\">Podcast: <a href=\"http:\/\/www.audiobuch.org\/caulius\/assets\/podcasts\/kielpod504.mp3\" class=\"powerpress_link_pinw\" target=\"_blank\" title=\"Play in new window\" onclick=\"return powerpress_pinw('http:\/\/www.kielpod.de\/wp\/?powerpress_pinw=365-podcast');\" rel=\"nofollow\">Play in new window<\/a> | <a href=\"http:\/\/www.audiobuch.org\/caulius\/assets\/podcasts\/kielpod504.mp3\" class=\"powerpress_link_d\" title=\"Download\" rel=\"nofollow\" download=\"kielpod504.mp3\">Download<\/a><\/p>","protected":false},"excerpt":{"rendered":"<p>Heute wieder in einer Gemeinschaftsproduktion mit dem Foerdefluesterer: Flashmob in Kiel Regierungskrise Hoheitlicher Besuch Festivaltag in der D\u00e4nischen Stra\u00dfe K\u00e4se trifft Wein am Kieler Bootshafen Br\u00fcckenfestival Kiel Die Fotos vom Flashmob gibt es HIER. Und die KielPod-Live Folge (Folge Nr. 3)\u00a0 zum Flashmob finden Sie hier: http:\/\/audioboo.fm\/profile\/Caulius<\/p>\n","protected":false},"author":1,"featured_media":0,"comment_status":"open","ping_status":"open","sticky":false,"template":"","format":"standard","meta":{"footnotes":""},"categories":[3],"tags":[],"_links":{"self":[{"href":"http:\/\/www.kielpod.de\/wp\/index.php?rest_route=\/wp\/v2\/posts\/365"}],"collection":[{"href":"http:\/\/www.kielpod.de\/wp\/index.php?rest_route=\/wp\/v2\/posts"}],"about":[{"href":"http:\/\/www.kielpod.de\/wp\/index.php?rest_route=\/wp\/v2\/types\/post"}],"author":[{"embeddable":true,"href":"http:\/\/www.kielpod.de\/wp\/index.php?rest_route=\/wp\/v2\/users\/1"}],"replies":[{"embeddable":true,"href":"http:\/\/www.kielpod.de\/wp\/index.php?rest_route=%2Fwp%2Fv2%2Fcomments&post=365"}],"version-history":[{"count":6,"href":"http:\/\/www.kielpod.de\/wp\/index.php?rest_route=\/wp\/v2\/posts\/365\/revisions"}],"predecessor-version":[{"id":377,"href":"http:\/\/www.kielpod.de\/wp\/index.php?rest_route=\/wp\/v2\/posts\/365\/revisions\/377"}],"wp:attachment":[{"href":"http:\/\/www.kielpod.de\/wp\/index.php?rest_route=%2Fwp%2Fv2%2Fmedia&parent=365"}],"wp:term":[{"taxonomy":"category","embeddable":true,"href":"http:\/\/www.kielpod.de\/wp\/index.php?rest_route=%2Fwp%2Fv2%2Fcategories&post=365"},{"taxonomy":"post_tag","embeddable":true,"href":"http:\/\/www.kielpod.de\/wp\/index.php?rest_route=%2Fwp%2Fv2%2Ftags&post=365"}],"curies":[{"name":"wp","href":"https:\/\/api.w.org\/{rel}","templated":true}]}}