{"id":336,"date":"2009-07-07T21:54:25","date_gmt":"2009-07-07T19:54:25","guid":{"rendered":"http:\/\/www.audiobuch.org\/caulius\/wp\/?p=336"},"modified":"2009-07-23T19:20:03","modified_gmt":"2009-07-23T17:20:03","slug":"kielpod-ausgabe-498","status":"publish","type":"post","link":"http:\/\/www.kielpod.de\/wp\/?p=336","title":{"rendered":"KielPod Ausgabe 498"},"content":{"rendered":"<p>Noch bis zum 15. Juli k\u00f6nnen <a href=\"http:\/\/www.uni-kiel.de\/aktuell\/pm\/2009\/2009-051-exzellenz-1.shtml\" target=\"_blank\">Slogans an die Universit\u00e4t Kiel<\/a> geschickt werden und wer hat einen Slogan f\u00fcr den KielPod? Au\u00dferdem: am Samstag werden wieder Fahrr\u00e4der beim Fundb\u00fcro versteigert.<\/p>\n<div class=\"powerpress_player\" id=\"powerpress_player_5306\"><!--[if lt IE 9]><script>document.createElement('audio');<\/script><![endif]-->\n<audio class=\"wp-audio-shortcode\" id=\"audio-336-1\" preload=\"none\" style=\"width: 100%;\" controls=\"controls\"><source type=\"audio\/mpeg\" src=\"http:\/\/www.audiobuch.org\/caulius\/assets\/podcasts\/kielpod498.mp3?_=1\" \/><a href=\"http:\/\/www.audiobuch.org\/caulius\/assets\/podcasts\/kielpod498.mp3\">http:\/\/www.audiobuch.org\/caulius\/assets\/podcasts\/kielpod498.mp3<\/a><\/audio><\/div><p class=\"powerpress_links powerpress_links_mp3\" style=\"margin-bottom: 1px !important;\">Podcast: <a href=\"http:\/\/www.audiobuch.org\/caulius\/assets\/podcasts\/kielpod498.mp3\" class=\"powerpress_link_pinw\" target=\"_blank\" title=\"Play in new window\" onclick=\"return powerpress_pinw('http:\/\/www.kielpod.de\/wp\/?powerpress_pinw=336-podcast');\" rel=\"nofollow\">Play in new window<\/a> | <a href=\"http:\/\/www.audiobuch.org\/caulius\/assets\/podcasts\/kielpod498.mp3\" class=\"powerpress_link_d\" title=\"Download\" rel=\"nofollow\" download=\"kielpod498.mp3\">Download<\/a><\/p>","protected":false},"excerpt":{"rendered":"<p>Noch bis zum 15. Juli k\u00f6nnen Slogans an die Universit\u00e4t Kiel geschickt werden und wer hat einen Slogan f\u00fcr den KielPod? Au\u00dferdem: am Samstag werden wieder Fahrr\u00e4der beim Fundb\u00fcro versteigert.<\/p>\n","protected":false},"author":1,"featured_media":0,"comment_status":"open","ping_status":"open","sticky":false,"template":"","format":"standard","meta":{"footnotes":""},"categories":[3],"tags":[],"_links":{"self":[{"href":"http:\/\/www.kielpod.de\/wp\/index.php?rest_route=\/wp\/v2\/posts\/336"}],"collection":[{"href":"http:\/\/www.kielpod.de\/wp\/index.php?rest_route=\/wp\/v2\/posts"}],"about":[{"href":"http:\/\/www.kielpod.de\/wp\/index.php?rest_route=\/wp\/v2\/types\/post"}],"author":[{"embeddable":true,"href":"http:\/\/www.kielpod.de\/wp\/index.php?rest_route=\/wp\/v2\/users\/1"}],"replies":[{"embeddable":true,"href":"http:\/\/www.kielpod.de\/wp\/index.php?rest_route=%2Fwp%2Fv2%2Fcomments&post=336"}],"version-history":[{"count":3,"href":"http:\/\/www.kielpod.de\/wp\/index.php?rest_route=\/wp\/v2\/posts\/336\/revisions"}],"predecessor-version":[{"id":394,"href":"http:\/\/www.kielpod.de\/wp\/index.php?rest_route=\/wp\/v2\/posts\/336\/revisions\/394"}],"wp:attachment":[{"href":"http:\/\/www.kielpod.de\/wp\/index.php?rest_route=%2Fwp%2Fv2%2Fmedia&parent=336"}],"wp:term":[{"taxonomy":"category","embeddable":true,"href":"http:\/\/www.kielpod.de\/wp\/index.php?rest_route=%2Fwp%2Fv2%2Fcategories&post=336"},{"taxonomy":"post_tag","embeddable":true,"href":"http:\/\/www.kielpod.de\/wp\/index.php?rest_route=%2Fwp%2Fv2%2Ftags&post=336"}],"curies":[{"name":"wp","href":"https:\/\/api.w.org\/{rel}","templated":true}]}}