{"id":2140,"date":"2011-05-10T22:14:40","date_gmt":"2011-05-10T20:14:40","guid":{"rendered":"http:\/\/www.audiobuch.org\/caulius\/wp\/?p=2140"},"modified":"2011-05-10T22:14:40","modified_gmt":"2011-05-10T20:14:40","slug":"kielpod-ausgabe-953-rewe-feuer-nachbericht-fernwarme-fahrradtour-und-blade-night","status":"publish","type":"post","link":"http:\/\/www.kielpod.de\/wp\/?p=2140","title":{"rendered":"KielPod Ausgabe 953: Rewe-Feuer Nachbericht, Fernw\u00e4rme, Fahrradtour und Blade Night"},"content":{"rendered":"<p>Erste Hinweise auf die Ursache des REWE-Feuers, Fernw\u00e4rme aus Neum\u00fcnster, mit dem B\u00fcrgermeister Kiel auf dem Rad erkunden (f\u00fcr Neukieler) und <a href=\"http:\/\/bladenight-kiel.kevin-yalim.de\/\" target=\"_blank\">Blade Night<\/a> startet in die 12. Saison.<\/p>\n<div class=\"powerpress_player\" id=\"powerpress_player_9688\"><!--[if lt IE 9]><script>document.createElement('audio');<\/script><![endif]-->\n<audio class=\"wp-audio-shortcode\" id=\"audio-2140-1\" preload=\"none\" style=\"width: 100%;\" controls=\"controls\"><source type=\"audio\/mpeg\" src=\"http:\/\/www.audiobuch.org\/caulius\/assets\/podcasts\/kielpod953.mp3?_=1\" \/><a href=\"http:\/\/www.audiobuch.org\/caulius\/assets\/podcasts\/kielpod953.mp3\">http:\/\/www.audiobuch.org\/caulius\/assets\/podcasts\/kielpod953.mp3<\/a><\/audio><\/div><p class=\"powerpress_links powerpress_links_mp3\" style=\"margin-bottom: 1px !important;\">Podcast: <a href=\"http:\/\/www.audiobuch.org\/caulius\/assets\/podcasts\/kielpod953.mp3\" class=\"powerpress_link_pinw\" target=\"_blank\" title=\"Play in new window\" onclick=\"return powerpress_pinw('http:\/\/www.kielpod.de\/wp\/?powerpress_pinw=2140-podcast');\" rel=\"nofollow\">Play in new window<\/a> | <a href=\"http:\/\/www.audiobuch.org\/caulius\/assets\/podcasts\/kielpod953.mp3\" class=\"powerpress_link_d\" title=\"Download\" rel=\"nofollow\" download=\"kielpod953.mp3\">Download<\/a><\/p>","protected":false},"excerpt":{"rendered":"<p>Erste Hinweise auf die Ursache des REWE-Feuers, Fernw\u00e4rme aus Neum\u00fcnster, mit dem B\u00fcrgermeister Kiel auf dem Rad erkunden (f\u00fcr Neukieler) und Blade Night startet in die 12. Saison.<\/p>\n","protected":false},"author":1,"featured_media":0,"comment_status":"open","ping_status":"open","sticky":false,"template":"","format":"standard","meta":{"footnotes":""},"categories":[3],"tags":[],"_links":{"self":[{"href":"http:\/\/www.kielpod.de\/wp\/index.php?rest_route=\/wp\/v2\/posts\/2140"}],"collection":[{"href":"http:\/\/www.kielpod.de\/wp\/index.php?rest_route=\/wp\/v2\/posts"}],"about":[{"href":"http:\/\/www.kielpod.de\/wp\/index.php?rest_route=\/wp\/v2\/types\/post"}],"author":[{"embeddable":true,"href":"http:\/\/www.kielpod.de\/wp\/index.php?rest_route=\/wp\/v2\/users\/1"}],"replies":[{"embeddable":true,"href":"http:\/\/www.kielpod.de\/wp\/index.php?rest_route=%2Fwp%2Fv2%2Fcomments&post=2140"}],"version-history":[{"count":2,"href":"http:\/\/www.kielpod.de\/wp\/index.php?rest_route=\/wp\/v2\/posts\/2140\/revisions"}],"predecessor-version":[{"id":2143,"href":"http:\/\/www.kielpod.de\/wp\/index.php?rest_route=\/wp\/v2\/posts\/2140\/revisions\/2143"}],"wp:attachment":[{"href":"http:\/\/www.kielpod.de\/wp\/index.php?rest_route=%2Fwp%2Fv2%2Fmedia&parent=2140"}],"wp:term":[{"taxonomy":"category","embeddable":true,"href":"http:\/\/www.kielpod.de\/wp\/index.php?rest_route=%2Fwp%2Fv2%2Fcategories&post=2140"},{"taxonomy":"post_tag","embeddable":true,"href":"http:\/\/www.kielpod.de\/wp\/index.php?rest_route=%2Fwp%2Fv2%2Ftags&post=2140"}],"curies":[{"name":"wp","href":"https:\/\/api.w.org\/{rel}","templated":true}]}}