{"id":2136,"date":"2011-05-09T21:06:24","date_gmt":"2011-05-09T19:06:24","guid":{"rendered":"http:\/\/www.audiobuch.org\/caulius\/wp\/?p=2136"},"modified":"2011-05-09T21:06:24","modified_gmt":"2011-05-09T19:06:24","slug":"kielpod-ausgabe-952-feuer-bei-rewe-und-zensus-2011-auch-in-kiel","status":"publish","type":"post","link":"http:\/\/www.kielpod.de\/wp\/?p=2136","title":{"rendered":"KielPod Ausgabe 952: Feuer bei REWE und Zensus 2011 auch in Kiel"},"content":{"rendered":"<p>Zum Gro\u00dffeuer bei REWE in der Eckernf\u00f6rder Stra\u00dfe an diesem Montag gibt es ein KielPod-Video bei YouTube: <a href=\"http:\/\/www.youtube.com\/watch?v=ZNKP9gLMrxY\" target=\"_blank\">http:\/\/www.youtube.com\/watch?v=ZNKP9gLMrxY<\/a><\/p>\n<p><img loading=\"lazy\" decoding=\"async\" width=\"320\" height=\"125\" class=\"alignnone size-full wp-image-2137\" title=\"zensuslogo__rgb__gif__claim__320x125\" src=\"http:\/\/www.audiobuch.org\/caulius\/wp\/..\/assets\/podcasts\/zensuslogo__rgb__gif__claim__320x125.gif\" alt=\"zensuslogo__rgb__gif__claim__320x125\" srcset=\"http:\/\/www.kielpod.de\/wp\/..\/assets\/podcasts\/zensuslogo__rgb__gif__claim__320x125.gif 320w, http:\/\/www.kielpod.de\/wp\/..\/assets\/podcasts\/zensuslogo__rgb__gif__claim__320x125-300x117.gif 300w\" sizes=\"(max-width: 320px) 100vw, 320px\" \/>An diesem Montag war jedoch auch Stichtag f\u00fcr den Zensus 2011, die neue Volksz\u00e4hlung. Auch Kieler sind betroffen. \u00dcber die Hintergr\u00fcnde, Rechte und Pflichten habe ich ein Interview mit der stellvertretenden Landesbeauftragten f\u00fcr Datenschutz Schleswig-Holstein gef\u00fchrt. Weitere Infos gibt es auf <a href=\"http:\/\/www.zensus2011.de\" target=\"_blank\">Zenus2011.de<\/a> und beim <a href=\"https:\/\/www.datenschutzzentrum.de\/zensus\/\" target=\"_blank\">ULD<\/a>.<\/p>\n<div class=\"powerpress_player\" id=\"powerpress_player_9038\"><!--[if lt IE 9]><script>document.createElement('audio');<\/script><![endif]-->\n<audio class=\"wp-audio-shortcode\" id=\"audio-2136-1\" preload=\"none\" style=\"width: 100%;\" controls=\"controls\"><source type=\"audio\/mpeg\" src=\"http:\/\/www.audiobuch.org\/caulius\/assets\/podcasts\/kielpod952.mp3?_=1\" \/><a href=\"http:\/\/www.audiobuch.org\/caulius\/assets\/podcasts\/kielpod952.mp3\">http:\/\/www.audiobuch.org\/caulius\/assets\/podcasts\/kielpod952.mp3<\/a><\/audio><\/div><p class=\"powerpress_links powerpress_links_mp3\" style=\"margin-bottom: 1px !important;\">Podcast: <a href=\"http:\/\/www.audiobuch.org\/caulius\/assets\/podcasts\/kielpod952.mp3\" class=\"powerpress_link_pinw\" target=\"_blank\" title=\"Play in new window\" onclick=\"return powerpress_pinw('http:\/\/www.kielpod.de\/wp\/?powerpress_pinw=2136-podcast');\" rel=\"nofollow\">Play in new window<\/a> | <a href=\"http:\/\/www.audiobuch.org\/caulius\/assets\/podcasts\/kielpod952.mp3\" class=\"powerpress_link_d\" title=\"Download\" rel=\"nofollow\" download=\"kielpod952.mp3\">Download<\/a><\/p>","protected":false},"excerpt":{"rendered":"<p>Zum Gro\u00dffeuer bei REWE in der Eckernf\u00f6rder Stra\u00dfe an diesem Montag gibt es ein KielPod-Video bei YouTube: http:\/\/www.youtube.com\/watch?v=ZNKP9gLMrxY An diesem Montag war jedoch auch Stichtag f\u00fcr den Zensus 2011, die neue Volksz\u00e4hlung. Auch Kieler sind betroffen. \u00dcber die Hintergr\u00fcnde, Rechte und Pflichten habe ich ein Interview mit der stellvertretenden Landesbeauftragten f\u00fcr Datenschutz Schleswig-Holstein gef\u00fchrt. Weitere [&hellip;]<\/p>\n","protected":false},"author":1,"featured_media":0,"comment_status":"open","ping_status":"open","sticky":false,"template":"","format":"standard","meta":{"footnotes":""},"categories":[3],"tags":[],"_links":{"self":[{"href":"http:\/\/www.kielpod.de\/wp\/index.php?rest_route=\/wp\/v2\/posts\/2136"}],"collection":[{"href":"http:\/\/www.kielpod.de\/wp\/index.php?rest_route=\/wp\/v2\/posts"}],"about":[{"href":"http:\/\/www.kielpod.de\/wp\/index.php?rest_route=\/wp\/v2\/types\/post"}],"author":[{"embeddable":true,"href":"http:\/\/www.kielpod.de\/wp\/index.php?rest_route=\/wp\/v2\/users\/1"}],"replies":[{"embeddable":true,"href":"http:\/\/www.kielpod.de\/wp\/index.php?rest_route=%2Fwp%2Fv2%2Fcomments&post=2136"}],"version-history":[{"count":1,"href":"http:\/\/www.kielpod.de\/wp\/index.php?rest_route=\/wp\/v2\/posts\/2136\/revisions"}],"predecessor-version":[{"id":2139,"href":"http:\/\/www.kielpod.de\/wp\/index.php?rest_route=\/wp\/v2\/posts\/2136\/revisions\/2139"}],"wp:attachment":[{"href":"http:\/\/www.kielpod.de\/wp\/index.php?rest_route=%2Fwp%2Fv2%2Fmedia&parent=2136"}],"wp:term":[{"taxonomy":"category","embeddable":true,"href":"http:\/\/www.kielpod.de\/wp\/index.php?rest_route=%2Fwp%2Fv2%2Fcategories&post=2136"},{"taxonomy":"post_tag","embeddable":true,"href":"http:\/\/www.kielpod.de\/wp\/index.php?rest_route=%2Fwp%2Fv2%2Ftags&post=2136"}],"curies":[{"name":"wp","href":"https:\/\/api.w.org\/{rel}","templated":true}]}}