{"id":1573,"date":"2010-09-10T18:56:08","date_gmt":"2010-09-10T16:56:08","guid":{"rendered":"http:\/\/www.audiobuch.org\/caulius\/wp\/?p=1573"},"modified":"2010-09-10T18:56:08","modified_gmt":"2010-09-10T16:56:08","slug":"kielpod-ausgabe-799-vorschau-auf-das-kieler-wochenende","status":"publish","type":"post","link":"http:\/\/www.kielpod.de\/wp\/?p=1573","title":{"rendered":"KielPod Ausgabe 799: Vorschau auf das Kieler Wochenende"},"content":{"rendered":"<div id=\"attachment_1575\" style=\"width: 189px\" class=\"wp-caption alignnone\"><img loading=\"lazy\" decoding=\"async\" aria-describedby=\"caption-attachment-1575\" class=\"size-full wp-image-1575\" title=\"kiwo_plakat_2011\" src=\"http:\/\/www.audiobuch.org\/caulius\/wp\/..\/assets\/podcasts\/kiwo_plakat_2011.jpg\" alt=\"kiwo_plakat_2011\" width=\"179\" height=\"250\" \/><p id=\"caption-attachment-1575\" class=\"wp-caption-text\">Plakat Kieler Woche 2011<\/p><\/div>\n<p>Zun\u00e4chst ein kurzer Blick auf das neue Kieler-Woche-Plakat. Dann die Vorschau auf das Wochenende, wieder in Zusammenarbeit mit dem <a href=\"http:\/\/www.foerdefluesterer.de\" target=\"_blank\">F\u00f6rdefl\u00fcsterer<\/a>: Drachenbootrennen, Opti-Segeln auf dem Kleinen Kiel, SPD-Parteitag, Aktionstag der VHS in der Zentralb\u00fccherei, <a href=\"http:\/\/www.book-in-the-wood.de\/index.html\" target=\"_blank\">Book-in-the-wood<\/a>, Tiffany auf der Rathausb\u00fchne, Kiellauf und Flohm\u00e4rkte.<\/p>\n<div class=\"powerpress_player\" id=\"powerpress_player_2869\"><!--[if lt IE 9]><script>document.createElement('audio');<\/script><![endif]-->\n<audio class=\"wp-audio-shortcode\" id=\"audio-1573-1\" preload=\"none\" style=\"width: 100%;\" controls=\"controls\"><source type=\"audio\/mpeg\" src=\"http:\/\/www.audiobuch.org\/caulius\/assets\/podcasts\/kielpod799.mp3?_=1\" \/><a href=\"http:\/\/www.audiobuch.org\/caulius\/assets\/podcasts\/kielpod799.mp3\">http:\/\/www.audiobuch.org\/caulius\/assets\/podcasts\/kielpod799.mp3<\/a><\/audio><\/div><p class=\"powerpress_links powerpress_links_mp3\" style=\"margin-bottom: 1px !important;\">Podcast: <a href=\"http:\/\/www.audiobuch.org\/caulius\/assets\/podcasts\/kielpod799.mp3\" class=\"powerpress_link_pinw\" target=\"_blank\" title=\"Play in new window\" onclick=\"return powerpress_pinw('http:\/\/www.kielpod.de\/wp\/?powerpress_pinw=1573-podcast');\" rel=\"nofollow\">Play in new window<\/a> | <a href=\"http:\/\/www.audiobuch.org\/caulius\/assets\/podcasts\/kielpod799.mp3\" class=\"powerpress_link_d\" title=\"Download\" rel=\"nofollow\" download=\"kielpod799.mp3\">Download<\/a><\/p>","protected":false},"excerpt":{"rendered":"<p>Zun\u00e4chst ein kurzer Blick auf das neue Kieler-Woche-Plakat. Dann die Vorschau auf das Wochenende, wieder in Zusammenarbeit mit dem F\u00f6rdefl\u00fcsterer: Drachenbootrennen, Opti-Segeln auf dem Kleinen Kiel, SPD-Parteitag, Aktionstag der VHS in der Zentralb\u00fccherei, Book-in-the-wood, Tiffany auf der Rathausb\u00fchne, Kiellauf und Flohm\u00e4rkte.<\/p>\n","protected":false},"author":1,"featured_media":0,"comment_status":"open","ping_status":"open","sticky":false,"template":"","format":"standard","meta":{"footnotes":""},"categories":[3],"tags":[],"_links":{"self":[{"href":"http:\/\/www.kielpod.de\/wp\/index.php?rest_route=\/wp\/v2\/posts\/1573"}],"collection":[{"href":"http:\/\/www.kielpod.de\/wp\/index.php?rest_route=\/wp\/v2\/posts"}],"about":[{"href":"http:\/\/www.kielpod.de\/wp\/index.php?rest_route=\/wp\/v2\/types\/post"}],"author":[{"embeddable":true,"href":"http:\/\/www.kielpod.de\/wp\/index.php?rest_route=\/wp\/v2\/users\/1"}],"replies":[{"embeddable":true,"href":"http:\/\/www.kielpod.de\/wp\/index.php?rest_route=%2Fwp%2Fv2%2Fcomments&post=1573"}],"version-history":[{"count":2,"href":"http:\/\/www.kielpod.de\/wp\/index.php?rest_route=\/wp\/v2\/posts\/1573\/revisions"}],"predecessor-version":[{"id":1577,"href":"http:\/\/www.kielpod.de\/wp\/index.php?rest_route=\/wp\/v2\/posts\/1573\/revisions\/1577"}],"wp:attachment":[{"href":"http:\/\/www.kielpod.de\/wp\/index.php?rest_route=%2Fwp%2Fv2%2Fmedia&parent=1573"}],"wp:term":[{"taxonomy":"category","embeddable":true,"href":"http:\/\/www.kielpod.de\/wp\/index.php?rest_route=%2Fwp%2Fv2%2Fcategories&post=1573"},{"taxonomy":"post_tag","embeddable":true,"href":"http:\/\/www.kielpod.de\/wp\/index.php?rest_route=%2Fwp%2Fv2%2Ftags&post=1573"}],"curies":[{"name":"wp","href":"https:\/\/api.w.org\/{rel}","templated":true}]}}