{"id":1316,"date":"2010-06-15T20:33:06","date_gmt":"2010-06-15T18:33:06","guid":{"rendered":"http:\/\/www.audiobuch.org\/caulius\/wp\/?p=1316"},"modified":"2010-06-15T20:33:06","modified_gmt":"2010-06-15T18:33:06","slug":"kielpod-ausgabe-738-kiel-bei-der-wm-und-kieler-woche-ruckblick","status":"publish","type":"post","link":"http:\/\/www.kielpod.de\/wp\/?p=1316","title":{"rendered":"KielPod Ausgabe 738: Kiel bei der WM und Kieler-Woche-R\u00fcckblick"},"content":{"rendered":"<p>Kiel ist doch mit einem Spieler bei der WM in S\u00fcdafrika dabei. Au\u00dferdem ein R\u00fcckblick auf die <a href=\"http:\/\/gallery.me.com\/krasemann\/100516\" target=\"_blank\">Kieler Woche vor 10 Jahren<\/a>, Gerichtsurteil zum Hochseilgarten-Sturz und Mittwoch Gro\u00dfdemo in Kiel zur Rettung der Uni in L\u00fcbeck.<\/p>\n<p>Hier gibt es die Fotos vom Juni 2000 (insbesondere der Kieler Woche): <a href=\"http:\/\/gallery.me.com\/krasemann\/100516\" target=\"_blank\">http:\/\/gallery.me.com\/krasemann\/100516<\/a><\/p>\n<div class=\"powerpress_player\" id=\"powerpress_player_8842\"><!--[if lt IE 9]><script>document.createElement('audio');<\/script><![endif]-->\n<audio class=\"wp-audio-shortcode\" id=\"audio-1316-1\" preload=\"none\" style=\"width: 100%;\" controls=\"controls\"><source type=\"audio\/mpeg\" src=\"http:\/\/www.audiobuch.org\/caulius\/assets\/podcasts\/kielpod738.mp3?_=1\" \/><a href=\"http:\/\/www.audiobuch.org\/caulius\/assets\/podcasts\/kielpod738.mp3\">http:\/\/www.audiobuch.org\/caulius\/assets\/podcasts\/kielpod738.mp3<\/a><\/audio><\/div><p class=\"powerpress_links powerpress_links_mp3\" style=\"margin-bottom: 1px !important;\">Podcast: <a href=\"http:\/\/www.audiobuch.org\/caulius\/assets\/podcasts\/kielpod738.mp3\" class=\"powerpress_link_pinw\" target=\"_blank\" title=\"Play in new window\" onclick=\"return powerpress_pinw('http:\/\/www.kielpod.de\/wp\/?powerpress_pinw=1316-podcast');\" rel=\"nofollow\">Play in new window<\/a> | <a href=\"http:\/\/www.audiobuch.org\/caulius\/assets\/podcasts\/kielpod738.mp3\" class=\"powerpress_link_d\" title=\"Download\" rel=\"nofollow\" download=\"kielpod738.mp3\">Download<\/a><\/p>","protected":false},"excerpt":{"rendered":"<p>Kiel ist doch mit einem Spieler bei der WM in S\u00fcdafrika dabei. Au\u00dferdem ein R\u00fcckblick auf die Kieler Woche vor 10 Jahren, Gerichtsurteil zum Hochseilgarten-Sturz und Mittwoch Gro\u00dfdemo in Kiel zur Rettung der Uni in L\u00fcbeck. Hier gibt es die Fotos vom Juni 2000 (insbesondere der Kieler Woche): http:\/\/gallery.me.com\/krasemann\/100516<\/p>\n","protected":false},"author":1,"featured_media":0,"comment_status":"open","ping_status":"open","sticky":false,"template":"","format":"standard","meta":{"footnotes":""},"categories":[3],"tags":[],"_links":{"self":[{"href":"http:\/\/www.kielpod.de\/wp\/index.php?rest_route=\/wp\/v2\/posts\/1316"}],"collection":[{"href":"http:\/\/www.kielpod.de\/wp\/index.php?rest_route=\/wp\/v2\/posts"}],"about":[{"href":"http:\/\/www.kielpod.de\/wp\/index.php?rest_route=\/wp\/v2\/types\/post"}],"author":[{"embeddable":true,"href":"http:\/\/www.kielpod.de\/wp\/index.php?rest_route=\/wp\/v2\/users\/1"}],"replies":[{"embeddable":true,"href":"http:\/\/www.kielpod.de\/wp\/index.php?rest_route=%2Fwp%2Fv2%2Fcomments&post=1316"}],"version-history":[{"count":1,"href":"http:\/\/www.kielpod.de\/wp\/index.php?rest_route=\/wp\/v2\/posts\/1316\/revisions"}],"predecessor-version":[{"id":1318,"href":"http:\/\/www.kielpod.de\/wp\/index.php?rest_route=\/wp\/v2\/posts\/1316\/revisions\/1318"}],"wp:attachment":[{"href":"http:\/\/www.kielpod.de\/wp\/index.php?rest_route=%2Fwp%2Fv2%2Fmedia&parent=1316"}],"wp:term":[{"taxonomy":"category","embeddable":true,"href":"http:\/\/www.kielpod.de\/wp\/index.php?rest_route=%2Fwp%2Fv2%2Fcategories&post=1316"},{"taxonomy":"post_tag","embeddable":true,"href":"http:\/\/www.kielpod.de\/wp\/index.php?rest_route=%2Fwp%2Fv2%2Ftags&post=1316"}],"curies":[{"name":"wp","href":"https:\/\/api.w.org\/{rel}","templated":true}]}}